{"id":92818,"date":"2025-06-24T12:15:00","date_gmt":"2025-06-24T18:15:00","guid":{"rendered":"https:\/\/www.interaccionnoticias.com.mx\/?p=92818"},"modified":"2025-06-24T23:56:56","modified_gmt":"2025-06-25T05:56:56","slug":"un-agente-ministerial-muerto-y-otro-mas-herido-en-igualapa","status":"publish","type":"post","link":"https:\/\/www.interaccionnoticias.com.mx\/?p=92818","title":{"rendered":"Un agente ministerial muerto y otro m\u00e1s herido en Igualapa"},"content":{"rendered":"\n<p><em><strong>&#8212; Despliega operativo la FGE, detienen a uno y termina en balacera<br>&#8212; Hechos de violencia ocurridos en la regi\u00f3n de la Costa Chica<\/strong><\/em><\/p>\n\n\n\n<p><strong>Javier Trujillo<\/strong><\/p>\n\n\n\n<p><strong>Acapulco, Gro. &#8211; <\/strong>Un operativo realizado por agentes ministeriales en las inmediaciones del municipio de Igualapa, regi\u00f3n de la Costa Chica de Guerrero, termin\u00f3 en balaceras que dejaron un agente ministerial muerto y un lesionado.<\/p>\n\n\n\n<p>La Fiscal\u00eda General del Estado (FGE), confirm\u00f3 el fallecimiento del agente Andr\u00e9s Nava Ramos, quien estaba adscrito al \u00e1rea de la Direcci\u00f3n General de Inteligencia y An\u00e1lisis, y perdiera la vida en cumplimiento de su deber.<\/p>\n\n\n\n<p>Del otro agente, identificado como El\u00edas \u201cN\u201d, se inform\u00f3 que contin\u00faa hospitalizado y se precisa que su estado de salud es estable.<\/p>\n\n\n\n<p>Tras el operativo desplegado, se presume la detenci\u00f3n de presunto agresor que habr\u00eda sido capturado por la PIM, y le aseguraron un arma de grueso calibre de uso exclusivo de las fuerzas armadas.<\/p>\n\n\n\n<p>Aunque el caso ha sido manejado con hermetismo, se pudo confirmar por personal de seguridad p\u00fablica, que tras el enfrentamiento ocurrido aproximadamente a las 23 horas, dos agentes resultaron heridos.<\/p>\n\n\n\n<p>Tras el violento ataque de civiles de un grupo delincuencial regional contra agentes de la Polic\u00eda Investigadora Ministerial (PIM), adscritos a la Fiscal\u00eda General del Estado, dos agentes resultaron heridos de bala.<\/p>\n\n\n\n<p>Ambos fueron trasladados al hospital regional de Ometepec, uno de los efectivos de la PIM, identificado como Andr\u00e9s \u201cN\u201d, result\u00f3 gravemente herido en el enfrentamiento y m\u00e1s tarde falleci\u00f3.<\/p>\n\n\n\n<p>El otro agente ministerial identificado como El\u00edas, tambi\u00e9n result\u00f3 lesionado por los disparos de arma de fuego, se encuentra hospitalizado y hasta el momento se reporta su estado de salud como estable.<\/p>\n\n\n\n<p>Tras lo sucedido la noche del lunes en el municipio de Igualapa, en la Costa Chica, se inici\u00f3 una carpeta de investigaci\u00f3n por los delitos de tentativa de homicidio y homicidio contra quienes resulten responsables.<\/p>\n\n\n\n<p>Algunas versiones obtenidas, se\u00f1alan que el enfrentamiento habr\u00eda ocurrido en el camino al poblado de Quetzalapa, que comunica con el municipio de Az\u00f3yu, en la misma zona costera.<\/p>\n\n\n\n<p>El despliegue operativo, conformado por grupos de inteligencia de la FGE, realizaban trabajos de investigaci\u00f3n en la zona, cuando fueron atacados por un grupo de civiles armados.<\/p>\n","protected":false},"excerpt":{"rendered":"<p>&#8212; Despliega operativo la FGE, detienen a uno y termina en balacera&#8212; Hechos de violencia ocurridos en la regi\u00f3n de la Costa Chica Javier Trujillo Acapulco, Gro. &#8211; Un operativo&hellip; <\/p>\n","protected":false},"author":3,"featured_media":92821,"comment_status":"open","ping_status":"open","sticky":false,"template":"","format":"standard","meta":{"fifu_image_url":"https:\/\/www.interaccionnoticias.com.mx\/wp-content\/uploads\/2025\/06\/250624-ministerial-Igualapa.jpg","fifu_image_alt":"","footnotes":""},"categories":[27],"tags":[],"class_list":["post-92818","post","type-post","status-publish","format-standard","has-post-thumbnail","hentry","category-seguridad-publica"],"_links":{"self":[{"href":"https:\/\/www.interaccionnoticias.com.mx\/index.php?rest_route=\/wp\/v2\/posts\/92818","targetHints":{"allow":["GET"]}}],"collection":[{"href":"https:\/\/www.interaccionnoticias.com.mx\/index.php?rest_route=\/wp\/v2\/posts"}],"about":[{"href":"https:\/\/www.interaccionnoticias.com.mx\/index.php?rest_route=\/wp\/v2\/types\/post"}],"author":[{"embeddable":true,"href":"https:\/\/www.interaccionnoticias.com.mx\/index.php?rest_route=\/wp\/v2\/users\/3"}],"replies":[{"embeddable":true,"href":"https:\/\/www.interaccionnoticias.com.mx\/index.php?rest_route=%2Fwp%2Fv2%2Fcomments&post=92818"}],"version-history":[{"count":1,"href":"https:\/\/www.interaccionnoticias.com.mx\/index.php?rest_route=\/wp\/v2\/posts\/92818\/revisions"}],"predecessor-version":[{"id":92820,"href":"https:\/\/www.interaccionnoticias.com.mx\/index.php?rest_route=\/wp\/v2\/posts\/92818\/revisions\/92820"}],"wp:featuredmedia":[{"embeddable":true,"href":"https:\/\/www.interaccionnoticias.com.mx\/index.php?rest_route=\/wp\/v2\/media\/92821"}],"wp:attachment":[{"href":"https:\/\/www.interaccionnoticias.com.mx\/index.php?rest_route=%2Fwp%2Fv2%2Fmedia&parent=92818"}],"wp:term":[{"taxonomy":"category","embeddable":true,"href":"https:\/\/www.interaccionnoticias.com.mx\/index.php?rest_route=%2Fwp%2Fv2%2Fcategories&post=92818"},{"taxonomy":"post_tag","embeddable":true,"href":"https:\/\/www.interaccionnoticias.com.mx\/index.php?rest_route=%2Fwp%2Fv2%2Ftags&post=92818"}],"curies":[{"name":"wp","href":"https:\/\/api.w.org\/{rel}","templated":true}]}}