{"id":92809,"date":"2025-06-24T09:15:00","date_gmt":"2025-06-24T15:15:00","guid":{"rendered":"https:\/\/www.interaccionnoticias.com.mx\/?p=92809"},"modified":"2025-06-24T23:42:39","modified_gmt":"2025-06-25T05:42:39","slug":"matan-a-un-hombre-en-el-centro-de-chilpancingo-2","status":"publish","type":"post","link":"https:\/\/www.interaccionnoticias.com.mx\/?p=92809","title":{"rendered":"Matan a un hombre en el centro de Chilpancingo"},"content":{"rendered":"\n<p><strong><em>&#8212; El homicidio se registr\u00f3 en la calle Ray\u00f3n<\/em><\/strong><\/p>\n\n\n\n<p><strong>Rosario Garc\u00eda Orozco<\/strong><\/p>\n\n\n\n<p>La madrugada de este martes fue asesinado un hombre a balazos sobre la calle Ray\u00f3n entre Hidalgo y 16 de Septiembre de la colonia Centro de Chilpancingo.<\/p>\n\n\n\n<p>El homicidio se registr\u00f3 alrededor de las 02:45 horas de la jornada de este martes.<\/p>\n\n\n\n<p>El hombre fue asesinado por impactos de proyectiles de arma de fuego.<\/p>\n\n\n\n<p>Al sitio acudieron elementos de las corporaciones policiacas para acordonar el \u00e1rea, donde personal de Fiscalia se hizo cargo de las diligencias de ley .<\/p>\n\n\n\n<p>El cuerpo de la v\u00edctima fue trasladado a las instalaciones del Servicio M\u00e9dico Forense (Semefo) y se mantiene en calidad de desconocido.<\/p>\n\n\n\n<p>Las autoridades mencionaron que la v\u00edctima es un hombre de aproximadamente 45 a\u00f1os de edad, es moreno claro, con barba cerrada, y tiene un tatuaje en forma de escorpi\u00f3n en el antebrazo derecho, un signo de unos banderines en el hombro derecho, y un signo \u00e1rabe en la mu\u00f1eca derecha, vest\u00eda pantal\u00f3n de mezclilla azul obscuro, tenis rojos y no tra\u00eda playera.<\/p>\n","protected":false},"excerpt":{"rendered":"<p>&#8212; El homicidio se registr\u00f3 en la calle Ray\u00f3n Rosario Garc\u00eda Orozco La madrugada de este martes fue asesinado un hombre a balazos sobre la calle Ray\u00f3n entre Hidalgo y&hellip; <\/p>\n","protected":false},"author":14,"featured_media":92812,"comment_status":"open","ping_status":"open","sticky":false,"template":"","format":"standard","meta":{"fifu_image_url":"https:\/\/www.interaccionnoticias.com.mx\/wp-content\/uploads\/2025\/06\/250624-Hombre-Chilpancingo.jpg","fifu_image_alt":"","footnotes":""},"categories":[27],"tags":[],"class_list":["post-92809","post","type-post","status-publish","format-standard","has-post-thumbnail","hentry","category-seguridad-publica"],"_links":{"self":[{"href":"https:\/\/www.interaccionnoticias.com.mx\/index.php?rest_route=\/wp\/v2\/posts\/92809","targetHints":{"allow":["GET"]}}],"collection":[{"href":"https:\/\/www.interaccionnoticias.com.mx\/index.php?rest_route=\/wp\/v2\/posts"}],"about":[{"href":"https:\/\/www.interaccionnoticias.com.mx\/index.php?rest_route=\/wp\/v2\/types\/post"}],"author":[{"embeddable":true,"href":"https:\/\/www.interaccionnoticias.com.mx\/index.php?rest_route=\/wp\/v2\/users\/14"}],"replies":[{"embeddable":true,"href":"https:\/\/www.interaccionnoticias.com.mx\/index.php?rest_route=%2Fwp%2Fv2%2Fcomments&post=92809"}],"version-history":[{"count":1,"href":"https:\/\/www.interaccionnoticias.com.mx\/index.php?rest_route=\/wp\/v2\/posts\/92809\/revisions"}],"predecessor-version":[{"id":92811,"href":"https:\/\/www.interaccionnoticias.com.mx\/index.php?rest_route=\/wp\/v2\/posts\/92809\/revisions\/92811"}],"wp:featuredmedia":[{"embeddable":true,"href":"https:\/\/www.interaccionnoticias.com.mx\/index.php?rest_route=\/wp\/v2\/media\/92812"}],"wp:attachment":[{"href":"https:\/\/www.interaccionnoticias.com.mx\/index.php?rest_route=%2Fwp%2Fv2%2Fmedia&parent=92809"}],"wp:term":[{"taxonomy":"category","embeddable":true,"href":"https:\/\/www.interaccionnoticias.com.mx\/index.php?rest_route=%2Fwp%2Fv2%2Fcategories&post=92809"},{"taxonomy":"post_tag","embeddable":true,"href":"https:\/\/www.interaccionnoticias.com.mx\/index.php?rest_route=%2Fwp%2Fv2%2Ftags&post=92809"}],"curies":[{"name":"wp","href":"https:\/\/api.w.org\/{rel}","templated":true}]}}