{"id":92801,"date":"2025-06-20T16:39:42","date_gmt":"2025-06-20T22:39:42","guid":{"rendered":"https:\/\/www.interaccionnoticias.com.mx\/?p=92801"},"modified":"2025-06-20T16:39:43","modified_gmt":"2025-06-20T22:39:43","slug":"en-chilpancingo-repican-campanas-de-las-iglesias-en-memoria-de-las-victimas-de-la-violencia","status":"publish","type":"post","link":"https:\/\/www.interaccionnoticias.com.mx\/?p=92801","title":{"rendered":"En Chilpancingo repican campanas de las iglesias, en memoria de las v\u00edctimas de la violencia"},"content":{"rendered":"\n<p><strong><em>&#8212; El parroco de la parroquia de la Santa Cruz, Gamaliel Villalobos ratific\u00f3 la disposici\u00f3n de la iglesia para dialogara a favor de la paz<\/em><\/strong><\/p>\n\n\n\n<p><strong>Yasm\u00edn Garc\u00eda<\/strong><\/p>\n\n\n\n<p>Este viernes se llev\u00f3 a cabo el repique de campanas en las parroquias de Chilpancingo, en memoria de las personas desaparecidas y las v\u00edctimas de la violencia que se registra en el pa\u00eds.<\/p>\n\n\n\n<p>En el tercer aniversario del Di\u00e1logo Nacional por la Paz, la iglesia cat\u00f3lica convoc\u00f3 a las parroquias a repicar las campanas, fecha que coincide con el D\u00eda Mundial del Refugiado.<\/p>\n\n\n\n<p>En la parroquia del barrio de Santa Cruz las campanas sonaron por espacio de 5 minutos.<\/p>\n\n\n\n<p>El p\u00e1rroco, Gamaliel Villalobos Medina sostuvo que la iglesia y los obispos convocaron a la actividad a nivel nacional, adem\u00e1s de que este d\u00eda 20 de junio se cumplen tres a\u00f1os del asesinato de dos sacerdotes jesuitas, en la Sierra de Chihuahua.<\/p>\n\n\n\n<p>Indic\u00f3 que la iglesia promueve la paz en todo el pa\u00eds y en Guerrero, propiciando el dialogo con la sociedad, actores pol\u00edticos, y el gobierno \u00abpara que vivamos fraternalmente y de manera muy especial que haya paz, en nuestras familias y nuestros corazones\u00bb.<\/p>\n\n\n\n<p>Villalobos Medina recalc\u00f3 que la iglesia siempre ser\u00e1 promotora de paz y dialogar\u00e1 con todos los sectores de la poblaci\u00f3n, para promover el respeto a la vida de las personas.<\/p>\n\n\n\n<p>Record\u00f3 que la iglesia se ha solidarizado con las madres buscadoras, que mo cesan en la b\u00fasqueda de personas desaparecidas.<\/p>\n\n\n\n<p>En el caso particular de la parroquia de Santa Cruz, record\u00f3 que se instal\u00f3 un buz\u00f3n de paz, donde la poblaci\u00f3n puede dejar mensajes de aliento o informaci\u00f3n acerca del paradero de personas desaparecidas.<\/p>\n\n\n\n<p>Cada fin de mes en la parroquia se celebra una misa con la presencia de las madres buscadoras y se pide por la aparici\u00f3n con vida de sus seres queridos.<\/p>\n","protected":false},"excerpt":{"rendered":"<p>&#8212; El parroco de la parroquia de la Santa Cruz, Gamaliel Villalobos ratific\u00f3 la disposici\u00f3n de la iglesia para dialogara a favor de la paz Yasm\u00edn Garc\u00eda Este viernes se&hellip; <\/p>\n","protected":false},"author":32,"featured_media":92804,"comment_status":"open","ping_status":"open","sticky":false,"template":"","format":"standard","meta":{"fifu_image_url":"https:\/\/www.interaccionnoticias.com.mx\/wp-content\/uploads\/2025\/06\/250620-Santa-Cruz.jpg","fifu_image_alt":"","footnotes":""},"categories":[13],"tags":[],"class_list":["post-92801","post","type-post","status-publish","format-standard","has-post-thumbnail","hentry","category-capital"],"_links":{"self":[{"href":"https:\/\/www.interaccionnoticias.com.mx\/index.php?rest_route=\/wp\/v2\/posts\/92801","targetHints":{"allow":["GET"]}}],"collection":[{"href":"https:\/\/www.interaccionnoticias.com.mx\/index.php?rest_route=\/wp\/v2\/posts"}],"about":[{"href":"https:\/\/www.interaccionnoticias.com.mx\/index.php?rest_route=\/wp\/v2\/types\/post"}],"author":[{"embeddable":true,"href":"https:\/\/www.interaccionnoticias.com.mx\/index.php?rest_route=\/wp\/v2\/users\/32"}],"replies":[{"embeddable":true,"href":"https:\/\/www.interaccionnoticias.com.mx\/index.php?rest_route=%2Fwp%2Fv2%2Fcomments&post=92801"}],"version-history":[{"count":1,"href":"https:\/\/www.interaccionnoticias.com.mx\/index.php?rest_route=\/wp\/v2\/posts\/92801\/revisions"}],"predecessor-version":[{"id":92803,"href":"https:\/\/www.interaccionnoticias.com.mx\/index.php?rest_route=\/wp\/v2\/posts\/92801\/revisions\/92803"}],"wp:featuredmedia":[{"embeddable":true,"href":"https:\/\/www.interaccionnoticias.com.mx\/index.php?rest_route=\/wp\/v2\/media\/92804"}],"wp:attachment":[{"href":"https:\/\/www.interaccionnoticias.com.mx\/index.php?rest_route=%2Fwp%2Fv2%2Fmedia&parent=92801"}],"wp:term":[{"taxonomy":"category","embeddable":true,"href":"https:\/\/www.interaccionnoticias.com.mx\/index.php?rest_route=%2Fwp%2Fv2%2Fcategories&post=92801"},{"taxonomy":"post_tag","embeddable":true,"href":"https:\/\/www.interaccionnoticias.com.mx\/index.php?rest_route=%2Fwp%2Fv2%2Ftags&post=92801"}],"curies":[{"name":"wp","href":"https:\/\/api.w.org\/{rel}","templated":true}]}}