{"id":92797,"date":"2025-06-20T15:56:47","date_gmt":"2025-06-20T21:56:47","guid":{"rendered":"https:\/\/www.interaccionnoticias.com.mx\/?p=92797"},"modified":"2025-06-20T15:56:48","modified_gmt":"2025-06-20T21:56:48","slug":"casi-300-mil-usuarios-de-guerrero-y-oaxaca-se-quedaron-sin-energia-electrica-por-erick","status":"publish","type":"post","link":"https:\/\/www.interaccionnoticias.com.mx\/?p=92797","title":{"rendered":"Casi 300 mil usuarios de Guerrero y Oaxaca se quedaron sin energ\u00eda el\u00e9ctrica por Erick"},"content":{"rendered":"\n<p><em><strong>&#8212; La CFE ha restablecido el servicio al 72 por ciento de los afectados<\/strong><\/em><\/p>\n\n\n\n<p><strong>Rosario Garc\u00eda Orozco<\/strong><\/p>\n\n\n\n<p>Debido a los efectos del hurac\u00e1n Erick, en Guerrero y Oaxaca se quedaron sin suministro de energ\u00eda el\u00e9ctrica 276 mil 910 familias, inform\u00f3 la Comisi\u00f3n Federal de Electricidad (CFE).<\/p>\n\n\n\n<p>En un comunicado que comparti\u00f3 a trav\u00e9s de sus redes sociales, la empresa dio a conocer que con corte a mediod\u00eda de este viernes, del total de personas afectadas, la CFE restableci\u00f3 el servicio a 199 mil 594, lo que representa un 72 por ciento de avance en las zonas con da\u00f1os por el fen\u00f3meno hidrometeorol\u00f3gico en ambos estados.<\/p>\n\n\n\n<p>En el comunicado, tambi\u00e9n se refiere a que se recuperaron tres de las cinco l\u00edneas afectadas de 115 kV, pero el personal desplegado para atender la contingencia por Erick trabaja en la reparaci\u00f3n de dos restantes.<\/p>\n\n\n\n<p>Se explica que un total de 35 circuitos de media tensi\u00f3n resultaron afectados, de los cuales doce se encuentran restablecidos en su totalidad, 21 parcialmente restituidos y dos pendientes por reparar.<\/p>\n\n\n\n<p>Se despleg\u00f3 para la atenci\u00f3n a las afectaciones por Erick: 611 veh\u00edculos pick up 4&#215;4; 11 veh\u00edculos Unimog; 275 gr\u00faas; 13 cuatrimotos; 34 plantas de emergencia; 62 torres de iluminaci\u00f3n; 6 helic\u00f3pteros; mil 720 postes; mil 659 toneladas de material; 2 centros de reparaci\u00f3n de transmisi\u00f3n; 4 almacenes m\u00f3viles (emergencias) y 2 Centros de Acopio de Transmisi\u00f3n.<\/p>\n\n\n\n<p>Del mismo modo, \u00abse tienen habilitados 34 Centros de Atenci\u00f3n a Clientes para recibir reportes en las zonas afectadas, con 380 ejecutivos\u00bb y recibieron 142 mil 759 llamadas, atendiendo 91 por ciento de ellas.<\/p>\n\n\n\n<p>La CFE record\u00f3 que a pesar de que Erick se degrad\u00f3 a sistema de baja presi\u00f3n, la empresa monitorea \u00ablas precipitaciones del fen\u00f3meno en las Centrales Hidroel\u00e9ctricas La Venta, Infiernillo, La Villita y Caracol, para coordinar su operaci\u00f3n y controlar vol\u00famenes y avenidas\u00bb.<\/p>\n\n\n\n<p>Adem\u00e1s, dio a conocer que mantiene comunicaci\u00f3n permanente con autoridades federales y locales, entre ellas, la Secretar\u00eda de la Defensa Nacional, Guardia Nacional y los Consejos Estatales de Protecci\u00f3n Civil.<\/p>\n","protected":false},"excerpt":{"rendered":"<p>&#8212; La CFE ha restablecido el servicio al 72 por ciento de los afectados Rosario Garc\u00eda Orozco Debido a los efectos del hurac\u00e1n Erick, en Guerrero y Oaxaca se quedaron&hellip; <\/p>\n","protected":false},"author":14,"featured_media":92800,"comment_status":"open","ping_status":"open","sticky":false,"template":"","format":"standard","meta":{"fifu_image_url":"https:\/\/www.interaccionnoticias.com.mx\/wp-content\/uploads\/2025\/06\/250618-CFE-huracan-Erick.jpg","fifu_image_alt":"","footnotes":""},"categories":[11],"tags":[],"class_list":["post-92797","post","type-post","status-publish","format-standard","has-post-thumbnail","hentry","category-guerrero"],"_links":{"self":[{"href":"https:\/\/www.interaccionnoticias.com.mx\/index.php?rest_route=\/wp\/v2\/posts\/92797","targetHints":{"allow":["GET"]}}],"collection":[{"href":"https:\/\/www.interaccionnoticias.com.mx\/index.php?rest_route=\/wp\/v2\/posts"}],"about":[{"href":"https:\/\/www.interaccionnoticias.com.mx\/index.php?rest_route=\/wp\/v2\/types\/post"}],"author":[{"embeddable":true,"href":"https:\/\/www.interaccionnoticias.com.mx\/index.php?rest_route=\/wp\/v2\/users\/14"}],"replies":[{"embeddable":true,"href":"https:\/\/www.interaccionnoticias.com.mx\/index.php?rest_route=%2Fwp%2Fv2%2Fcomments&post=92797"}],"version-history":[{"count":1,"href":"https:\/\/www.interaccionnoticias.com.mx\/index.php?rest_route=\/wp\/v2\/posts\/92797\/revisions"}],"predecessor-version":[{"id":92799,"href":"https:\/\/www.interaccionnoticias.com.mx\/index.php?rest_route=\/wp\/v2\/posts\/92797\/revisions\/92799"}],"wp:featuredmedia":[{"embeddable":true,"href":"https:\/\/www.interaccionnoticias.com.mx\/index.php?rest_route=\/wp\/v2\/media\/92800"}],"wp:attachment":[{"href":"https:\/\/www.interaccionnoticias.com.mx\/index.php?rest_route=%2Fwp%2Fv2%2Fmedia&parent=92797"}],"wp:term":[{"taxonomy":"category","embeddable":true,"href":"https:\/\/www.interaccionnoticias.com.mx\/index.php?rest_route=%2Fwp%2Fv2%2Fcategories&post=92797"},{"taxonomy":"post_tag","embeddable":true,"href":"https:\/\/www.interaccionnoticias.com.mx\/index.php?rest_route=%2Fwp%2Fv2%2Ftags&post=92797"}],"curies":[{"name":"wp","href":"https:\/\/api.w.org\/{rel}","templated":true}]}}