{"id":92793,"date":"2025-06-20T15:53:17","date_gmt":"2025-06-20T21:53:17","guid":{"rendered":"https:\/\/www.interaccionnoticias.com.mx\/?p=92793"},"modified":"2025-06-20T15:53:18","modified_gmt":"2025-06-20T21:53:18","slug":"congreso-de-guerrero-busca-detener-el-maltrato-y-abuso-sexual-en-las-escuelas","status":"publish","type":"post","link":"https:\/\/www.interaccionnoticias.com.mx\/?p=92793","title":{"rendered":"Congreso de Guerrero busca detener el maltrato y abuso sexual en las escuelas"},"content":{"rendered":"\n<p><em><strong>&#8212; Los diputados locales reconocen que el problema existe, afectando a ni\u00f1as, ni\u00f1os y adolescentes<\/strong><\/em><\/p>\n\n\n\n<p><strong>Rogelio Agust\u00edn<\/strong><\/p>\n\n\n\n<p>La Comisi\u00f3n de los Derechos de las Ni\u00f1as, Ni\u00f1os y Adolescentes del Congreso de Guerrero analiza una iniciativa encaminada a establecer mecanismos de prevenci\u00f3n, detecci\u00f3n, atenci\u00f3n y sanci\u00f3n del maltrato y abuso sexual infantil en el entorno escolar, fen\u00f3meno que existe y no se ha logrado erradicar.<\/p>\n\n\n\n<p>La intenci\u00f3n del Congreso, es poner en marcha protocolos interinstitucionales, capacitar al personal educativo y proporcionar el acompa\u00f1amiento integral a las v\u00edctimas, para garantizar entornos seguros y libres de violencia.<\/p>\n\n\n\n<p>La iniciativa fue propuesta por la diputada Ana Lilia Botello Figueroa, a la cual se adhiri\u00f3 la diputada Glafira Meraza Prudente.<\/p>\n\n\n\n<p>En la exposici\u00f3n de motivos, se destaca que en las escuelas de la entidad se han identificado diferentes conductas que generan situaciones de riesgo para el alumnado, como el acoso, abuso sexual y maltrato.<\/p>\n\n\n\n<p>La diputada Botello Figueroa sostiene que las y los menores enfrentan situaciones sociales como la inseguridad, la violencia, la ruptura de lazos afectivos dentro de la familia y la sociedad, lo que genera en muchos casos el abandono escolar.<\/p>\n\n\n\n<p>En la iniciativa se identifica que ni\u00f1os, ni\u00f1as y adolescentes se encuentran en situaciones dif\u00edciles tanto dentro de sus hogares como en el ambiente social en el que se desenvuelven, llegando incluso, a reproducirse dichas problem\u00e1ticas en las instituciones educativas.<\/p>\n\n\n\n<p>A partir de dichos problemas, las autoridades educativas buscan mecanismos que les permitan enfrentar y atender dichas situaciones, con el objetivo de proteger al alumnado de Educaci\u00f3n B\u00e1sica, principalmente, destacando en el diagn\u00f3stico oficial la implementaci\u00f3n de protocolos claros de prevenci\u00f3n, detecci\u00f3n y actuaci\u00f3n para proteger a los menores, promoviendo una convivencia escolar arm\u00f3nica, segura y garantizando el derecho de los estudiantes a vivir libres de violencia.<\/p>\n\n\n\n<p>En la propuesta se aseguta que el problema persiste en las escuelas, afectando el derecho que las ni\u00f1as, ni\u00f1os y adolescentes tienen a vivir en un entorno libre de violencia, por lo que la detecci\u00f3n temprana e inmediata por parte de las autoridades educativas, son acciones fundamentales y necesarias que pueden prevenir y, en su caso, minimizar el da\u00f1o.<\/p>\n\n\n\n<p>Si la iniciativa se aprueba, el Gobierno de Guerrero y los municipios estar\u00e1n obligados a adoptar medidas necesarias para la recuperaci\u00f3n f\u00edsica, psicol\u00f3gica y emocional, as\u00ed como la restituci\u00f3n de derechos de ni\u00f1as, ni\u00f1os o adolescentes que hayan sufrido alg\u00fan da\u00f1o f\u00edsico, psicol\u00f3gico o sexual, brindando el acompa\u00f1amiento y tratamiento m\u00e9dico o psicol\u00f3gico necesario y adecuado.<\/p>\n\n\n\n<p>La finalidad es lograr el pleno ejercicio de los derechos de las ni\u00f1as, ni\u00f1os y adolescentes y garantizar su reincorporaci\u00f3n a la vida cotidiana.<\/p>\n","protected":false},"excerpt":{"rendered":"<p>&#8212; Los diputados locales reconocen que el problema existe, afectando a ni\u00f1as, ni\u00f1os y adolescentes Rogelio Agust\u00edn La Comisi\u00f3n de los Derechos de las Ni\u00f1as, Ni\u00f1os y Adolescentes del Congreso&hellip; <\/p>\n","protected":false},"author":21,"featured_media":92796,"comment_status":"open","ping_status":"open","sticky":false,"template":"","format":"standard","meta":{"fifu_image_url":"https:\/\/www.interaccionnoticias.com.mx\/wp-content\/uploads\/2025\/06\/250618-Glafira-Meraza-Prudente.jpg","fifu_image_alt":"","footnotes":""},"categories":[2],"tags":[],"class_list":["post-92793","post","type-post","status-publish","format-standard","has-post-thumbnail","hentry","category-congreso"],"_links":{"self":[{"href":"https:\/\/www.interaccionnoticias.com.mx\/index.php?rest_route=\/wp\/v2\/posts\/92793","targetHints":{"allow":["GET"]}}],"collection":[{"href":"https:\/\/www.interaccionnoticias.com.mx\/index.php?rest_route=\/wp\/v2\/posts"}],"about":[{"href":"https:\/\/www.interaccionnoticias.com.mx\/index.php?rest_route=\/wp\/v2\/types\/post"}],"author":[{"embeddable":true,"href":"https:\/\/www.interaccionnoticias.com.mx\/index.php?rest_route=\/wp\/v2\/users\/21"}],"replies":[{"embeddable":true,"href":"https:\/\/www.interaccionnoticias.com.mx\/index.php?rest_route=%2Fwp%2Fv2%2Fcomments&post=92793"}],"version-history":[{"count":1,"href":"https:\/\/www.interaccionnoticias.com.mx\/index.php?rest_route=\/wp\/v2\/posts\/92793\/revisions"}],"predecessor-version":[{"id":92795,"href":"https:\/\/www.interaccionnoticias.com.mx\/index.php?rest_route=\/wp\/v2\/posts\/92793\/revisions\/92795"}],"wp:featuredmedia":[{"embeddable":true,"href":"https:\/\/www.interaccionnoticias.com.mx\/index.php?rest_route=\/wp\/v2\/media\/92796"}],"wp:attachment":[{"href":"https:\/\/www.interaccionnoticias.com.mx\/index.php?rest_route=%2Fwp%2Fv2%2Fmedia&parent=92793"}],"wp:term":[{"taxonomy":"category","embeddable":true,"href":"https:\/\/www.interaccionnoticias.com.mx\/index.php?rest_route=%2Fwp%2Fv2%2Fcategories&post=92793"},{"taxonomy":"post_tag","embeddable":true,"href":"https:\/\/www.interaccionnoticias.com.mx\/index.php?rest_route=%2Fwp%2Fv2%2Ftags&post=92793"}],"curies":[{"name":"wp","href":"https:\/\/api.w.org\/{rel}","templated":true}]}}