{"id":92775,"date":"2025-06-20T15:12:36","date_gmt":"2025-06-20T21:12:36","guid":{"rendered":"https:\/\/www.interaccionnoticias.com.mx\/?p=92775"},"modified":"2025-06-20T15:12:37","modified_gmt":"2025-06-20T21:12:37","slug":"instalan-centro-de-acopio-en-chilpancingo-ante-el-paso-del-huracan-erick","status":"publish","type":"post","link":"https:\/\/www.interaccionnoticias.com.mx\/?p=92775","title":{"rendered":"Instalan centro de acopio en Chilpancingo ante el paso del hurac\u00e1n Erick"},"content":{"rendered":"\n<p><strong><em>&#8212; Los v\u00edveres ser\u00e1n entregados a la poblaci\u00f3n de Cuajinicuilapa<\/em><\/strong><\/p>\n\n\n\n<p><strong>Yasmin Garc\u00eda<\/strong><\/p>\n\n\n\n<p>Activistan instalan centro de acopio en la Alameda Francisco Granados Maldonado ante el paso del hurac\u00e1n Erick, los v\u00edveres ser\u00e1n entregados a la poblaci\u00f3n de Cuajinicuilapa, regi\u00f3n de la Costa Chica.<\/p>\n\n\n\n<p>Los ciudadanos pueden donar comida enlatada, agua embotellada, ropa en buen estado para bebes, ni\u00f1os y adultos, cobijas y productos de higiene personal como papel y toallas sanitarias.<\/p>\n\n\n\n<p>Priscila Leyva, joven activista, indic\u00f3 que la iniciativa surge porque en el a\u00f1o 2023, fue una de las afectadas tras el paso del hurac\u00e1n Otis, perdi\u00f3 su casa y su pap\u00e1 falleci\u00f3.<\/p>\n\n\n\n<p>\u00abLlevo a\u00f1os haciendo activismo fui una de las afectadas por el hurac\u00e1n Otis perdimos la casa donde estaba con mi pap\u00e1 y el falleci\u00f3 a ra\u00edz de esto en ese momento tenemos la desesperaci\u00f3n, sabemos que las manos que podemos ayudar m\u00e1s somos nosotros los civiles y dar esta empat\u00eda y dar lo que m\u00e1s se necesita\u00bb, narr\u00f3.<\/p>\n\n\n\n<p>El centro de acopio funcionar\u00e1 en un horario de 11 de la ma\u00f1ana a 3 de la tarde este fin de semana y a partir del lunes al pr\u00f3ximo viernes de 3 a 6 de la tarde, el s\u00e1bado 28 de junio entregar\u00e1n los v\u00edveres en Cuajinicuilapa.<\/p>\n\n\n\n<p>El activista Yosber Patricio invit\u00f3 a la poblaci\u00f3n a donar lo que este a su alclance y no afecte a su econom\u00eda.<\/p>\n\n\n\n<p>\u00abSi tienen la iniciativa varios j\u00f3venes se pueden sumar tambi\u00e9n, y a la poblaci\u00f3n que se sume apoyando pueden traer donaciones apoyar con su granito de arena, con una lata de at\u00fan\u00bb.<\/p>\n\n\n\n<p>Los j\u00f3venes tambi\u00e9n acuden a domicilios a recoger las donaciones en caso de que las personas no puedan acudir al centro de acopio.<\/p>\n","protected":false},"excerpt":{"rendered":"<p>&#8212; Los v\u00edveres ser\u00e1n entregados a la poblaci\u00f3n de Cuajinicuilapa Yasmin Garc\u00eda Activistan instalan centro de acopio en la Alameda Francisco Granados Maldonado ante el paso del hurac\u00e1n Erick, los&hellip; <\/p>\n","protected":false},"author":32,"featured_media":92778,"comment_status":"open","ping_status":"open","sticky":false,"template":"","format":"standard","meta":{"fifu_image_url":"https:\/\/www.interaccionnoticias.com.mx\/wp-content\/uploads\/2025\/06\/250620-centro-de-acopio-Cuajinicuilapa-2.jpg","fifu_image_alt":"","footnotes":""},"categories":[29],"tags":[],"class_list":["post-92775","post","type-post","status-publish","format-standard","has-post-thumbnail","hentry","category-sociedad"],"_links":{"self":[{"href":"https:\/\/www.interaccionnoticias.com.mx\/index.php?rest_route=\/wp\/v2\/posts\/92775","targetHints":{"allow":["GET"]}}],"collection":[{"href":"https:\/\/www.interaccionnoticias.com.mx\/index.php?rest_route=\/wp\/v2\/posts"}],"about":[{"href":"https:\/\/www.interaccionnoticias.com.mx\/index.php?rest_route=\/wp\/v2\/types\/post"}],"author":[{"embeddable":true,"href":"https:\/\/www.interaccionnoticias.com.mx\/index.php?rest_route=\/wp\/v2\/users\/32"}],"replies":[{"embeddable":true,"href":"https:\/\/www.interaccionnoticias.com.mx\/index.php?rest_route=%2Fwp%2Fv2%2Fcomments&post=92775"}],"version-history":[{"count":1,"href":"https:\/\/www.interaccionnoticias.com.mx\/index.php?rest_route=\/wp\/v2\/posts\/92775\/revisions"}],"predecessor-version":[{"id":92777,"href":"https:\/\/www.interaccionnoticias.com.mx\/index.php?rest_route=\/wp\/v2\/posts\/92775\/revisions\/92777"}],"wp:featuredmedia":[{"embeddable":true,"href":"https:\/\/www.interaccionnoticias.com.mx\/index.php?rest_route=\/wp\/v2\/media\/92778"}],"wp:attachment":[{"href":"https:\/\/www.interaccionnoticias.com.mx\/index.php?rest_route=%2Fwp%2Fv2%2Fmedia&parent=92775"}],"wp:term":[{"taxonomy":"category","embeddable":true,"href":"https:\/\/www.interaccionnoticias.com.mx\/index.php?rest_route=%2Fwp%2Fv2%2Fcategories&post=92775"},{"taxonomy":"post_tag","embeddable":true,"href":"https:\/\/www.interaccionnoticias.com.mx\/index.php?rest_route=%2Fwp%2Fv2%2Ftags&post=92775"}],"curies":[{"name":"wp","href":"https:\/\/api.w.org\/{rel}","templated":true}]}}