{"id":92746,"date":"2025-06-19T18:39:46","date_gmt":"2025-06-20T00:39:46","guid":{"rendered":"https:\/\/www.interaccionnoticias.com.mx\/?p=92746"},"modified":"2025-06-19T18:39:47","modified_gmt":"2025-06-20T00:39:47","slug":"erick-se-degrada-a-depresion-tropical-pero-persisten-las-lluvias-en-guerrero","status":"publish","type":"post","link":"https:\/\/www.interaccionnoticias.com.mx\/?p=92746","title":{"rendered":"Erick se degrada a depresi\u00f3n tropical, pero persisten las lluvias en Guerrero"},"content":{"rendered":"\n<p><strong><em>&#8212; La gobernadora Evelyn Salgado insiste en no bajar la guardia en cuanto a medidas preventivas<\/em><\/strong><\/p>\n\n\n\n<p><strong>Cristina Serrano<\/strong><\/p>\n\n\n\n<p><strong>Chilpancingo, Guerrero, 19 de junio de 2025.\u2013<\/strong> La gobernadora del estado de Guerrero, Evelyn Cecia Salgado Pineda, inform\u00f3 a trav\u00e9s de sus redes sociales que el fen\u00f3meno meteorol\u00f3gico Erick se ha degradado a depresi\u00f3n tropical, seg\u00fan el m\u00e1s reciente reporte emitido por la Comisi\u00f3n Nacional del Agua (Conagua).<\/p>\n\n\n\n<p>De acuerdo con la actualizaci\u00f3n oficial, el centro de la depresi\u00f3n se ubica en tierra, a 75 kil\u00f3metros al oeste de Chilpancingo y a 95 kil\u00f3metros al noroeste de Acapulco.<\/p>\n\n\n\n<p>Aunque Erick ya no presenta vientos de tormenta tropical, la mandataria estatal advirti\u00f3 que Guerrero sigue bajo la influencia de lluvias, lo cual podr\u00eda generar acumulaciones de agua, deslaves o encharcamientos en distintas regiones del estado.<\/p>\n\n\n\n<p>\u201cLes pido mantenerse informados solo por fuentes oficiales y no bajar la guardia\u201d, expres\u00f3 la gobernadora en su mensaje, como parte del llamado a la ciudadan\u00eda para mantener la precauci\u00f3n y atender las recomendaciones de Protecci\u00f3n Civil.<\/p>\n\n\n\n<p>Las autoridades estatales y municipales contin\u00faan con labores de vigilancia y atenci\u00f3n en zonas de riesgo, en coordinaci\u00f3n con instancias federales.<\/p>\n","protected":false},"excerpt":{"rendered":"<p>&#8212; La gobernadora Evelyn Salgado insiste en no bajar la guardia en cuanto a medidas preventivas Cristina Serrano Chilpancingo, Guerrero, 19 de junio de 2025.\u2013 La gobernadora del estado de&hellip; <\/p>\n","protected":false},"author":34,"featured_media":92749,"comment_status":"open","ping_status":"open","sticky":false,"template":"","format":"standard","meta":{"fifu_image_url":"https:\/\/www.interaccionnoticias.com.mx\/wp-content\/uploads\/2025\/06\/250619-Erick-se-degrada.jpg","fifu_image_alt":"","footnotes":""},"categories":[9],"tags":[],"class_list":["post-92746","post","type-post","status-publish","format-standard","has-post-thumbnail","hentry","category-fenomenos-naturales"],"_links":{"self":[{"href":"https:\/\/www.interaccionnoticias.com.mx\/index.php?rest_route=\/wp\/v2\/posts\/92746","targetHints":{"allow":["GET"]}}],"collection":[{"href":"https:\/\/www.interaccionnoticias.com.mx\/index.php?rest_route=\/wp\/v2\/posts"}],"about":[{"href":"https:\/\/www.interaccionnoticias.com.mx\/index.php?rest_route=\/wp\/v2\/types\/post"}],"author":[{"embeddable":true,"href":"https:\/\/www.interaccionnoticias.com.mx\/index.php?rest_route=\/wp\/v2\/users\/34"}],"replies":[{"embeddable":true,"href":"https:\/\/www.interaccionnoticias.com.mx\/index.php?rest_route=%2Fwp%2Fv2%2Fcomments&post=92746"}],"version-history":[{"count":1,"href":"https:\/\/www.interaccionnoticias.com.mx\/index.php?rest_route=\/wp\/v2\/posts\/92746\/revisions"}],"predecessor-version":[{"id":92748,"href":"https:\/\/www.interaccionnoticias.com.mx\/index.php?rest_route=\/wp\/v2\/posts\/92746\/revisions\/92748"}],"wp:featuredmedia":[{"embeddable":true,"href":"https:\/\/www.interaccionnoticias.com.mx\/index.php?rest_route=\/wp\/v2\/media\/92749"}],"wp:attachment":[{"href":"https:\/\/www.interaccionnoticias.com.mx\/index.php?rest_route=%2Fwp%2Fv2%2Fmedia&parent=92746"}],"wp:term":[{"taxonomy":"category","embeddable":true,"href":"https:\/\/www.interaccionnoticias.com.mx\/index.php?rest_route=%2Fwp%2Fv2%2Fcategories&post=92746"},{"taxonomy":"post_tag","embeddable":true,"href":"https:\/\/www.interaccionnoticias.com.mx\/index.php?rest_route=%2Fwp%2Fv2%2Ftags&post=92746"}],"curies":[{"name":"wp","href":"https:\/\/api.w.org\/{rel}","templated":true}]}}