{"id":9271,"date":"2017-10-13T17:51:20","date_gmt":"2017-10-13T22:51:20","guid":{"rendered":"http:\/\/www.inter-accion.com.mx\/?p=9271"},"modified":"2017-10-13T17:51:20","modified_gmt":"2017-10-13T22:51:20","slug":"descartan-revocacion-de-mandato-fast-track-contra-el-alcalde-de-chilpancingo","status":"publish","type":"post","link":"https:\/\/www.interaccionnoticias.com.mx\/?p=9271","title":{"rendered":"Descartan Revocaci\u00f3n de Mandato Fast Track contra el alcalde de Chilpancingo"},"content":{"rendered":"<p><strong>Es imposible que el martes 17 se dictamine el juicio promovido por el PRD&nbsp;&nbsp;&nbsp;<\/strong><br \/>\nEl secretario general del ayuntamiento de Chilpancingo, Jes\u00fas Vargas Vargas descart\u00f3 la posibilidad de que el pr\u00f3ximo martes 17 de octubre se consume la Revocaci\u00f3n de Mandato promovida contra el alcalde Marco Antonio Leyva Mena, como lo anticipan los diputados del PRD en el Congreso local.<br \/>\nLa ma\u00f1ana del viernes, la coordinadora de la fracci\u00f3n parlamentaria del PRD confirm\u00f3 que los diputados de dicho instituto pol\u00edtico buscan separar a Leyva Mena de la jefatura de cabildo en la capital de Guerrero.<br \/>\nExplic\u00f3 que las imputaciones contra Leyva no tienen que ver solo con el tema de la basura, sino que tambi\u00e9n hay otros factores, como \u201cla impresionante ola de violencia\u201d que prevalece en la ciudad, aunque tambi\u00e9n reconoci\u00f3 que el problema se registra en toda la entidad.<br \/>\nAgreg\u00f3 que el primer edil no ha manejado con claridad los recursos que se han canalizado para resolver el tema de la basura, particularmente se refiri\u00f3 al caso de los 12 millones de pesos desinados para acondicionar el relleno sanitario de El Platanal, en el municipio de Eduardo Neri.<br \/>\nIndic\u00f3 que el domingo se cumple el t\u00e9rmino de cinco d\u00edas para que el alcalde Leyva Mena presente las prueba a su favor, lo que no ha hecho, como tampoco ha ejercido su derecho de audiencia.<br \/>\n<strong>No hay condiciones para que se dictamine el martes<\/strong><br \/>\nLa tarde del viernes 13 de octubre, el secretario general del ayuntamiento, Jes\u00fas Vargas Vargas ofreci\u00f3 una conferencia de prensa junto con el abogado Gustavo Adolfo Morlet Berdejo, quien estar\u00e1 al frente de la defensa del primer edil.&nbsp;&nbsp;&nbsp;<br \/>\nMorlet Berdejo explic\u00f3 que el alcalde Leyva Mena no solo tiene derecho a ofrecer las pruebas que considere convenientes, tambi\u00e9n puede exigir el desahogo de cada una de ellas, lo que de manera inevitable prolongar\u00e1 el procedimiento.<br \/>\n\u201cNo se puede dictaminar hasta que no se desahoguen esas pruebas, los diputados que son los que dan forma al marco legal no van a violar sus propias leyes\u201d, anot\u00f3 Morlet.<br \/>\nCuestion\u00f3 el que haya actores del Congreso local, que sin conocer el contenido de las pruebas que en su momento aportar\u00e1 el municipio, den por hecho que el mandato ser\u00e1 revocado, cuando en cualquier parte del mundo las partes tienen el derecho de aportar los elementos a su favor.<br \/>\nPor eso enfatiz\u00f3: \u201cPara el martes no es posible que se determine el juicio, ni a favor ni en contra\u201d.<br \/>\nEn caso de que haya una determinaci\u00f3n para los tiempos que manej\u00f3 la diputada Alcaraz Sosa, advirti\u00f3 que se estar\u00e1 vulnerando la legislaci\u00f3n actual.<br \/>\nAunque reconoci\u00f3 que en el desafuero promovido contra el ex alcalde de Tlapa, Willy Reyes Ramos, presunto autor intelectual en el asesinato del diputado 500, Mois\u00e9s Villanueva De Laluz, hubo m\u00e1s de cien testigos y estos propiciaron que el juicio se prolongara varios meses.<br \/>\nAgreg\u00f3: \u201cRecuerdan el caso de Cuauht\u00e9moc Blanco (alcalde de Cuernavaca) que fue objeto de una revocaci\u00f3n de mandato, pues puede pasar lo mismo, el asunto de Cuauht\u00e9moc tiene m\u00e1s de un a\u00f1o, le revocaron el mandato y ahora hasta va a ser candidato a gobernador\u201d.<br \/>\nEn esa parte, destac\u00f3 que la otra figura legal a la que se puede apegar el alcalde de Chilpancingo es al beneficio del amparo.<br \/>\nEl secretario general del ayuntamiento, Jes\u00fas Vargas indic\u00f3 que el alcalde Leyva Mena se ce\u00f1ir\u00e1 a la ley, en el contexto del respeto a los trabajos que realizan los diputados locales.<\/p>\n","protected":false},"excerpt":{"rendered":"<p>Es imposible que el martes 17 se dictamine el juicio promovido por el PRD&nbsp;&nbsp;&nbsp; El secretario general del ayuntamiento de Chilpancingo, Jes\u00fas Vargas Vargas descart\u00f3 la posibilidad de que el&hellip; <\/p>\n","protected":false},"author":1,"featured_media":0,"comment_status":"closed","ping_status":"closed","sticky":false,"template":"","format":"standard","meta":{"fifu_image_url":"","fifu_image_alt":"","footnotes":""},"categories":[13,8],"tags":[],"class_list":["post-9271","post","type-post","status-publish","format-standard","hentry","category-capital","category-featured"],"_links":{"self":[{"href":"https:\/\/www.interaccionnoticias.com.mx\/index.php?rest_route=\/wp\/v2\/posts\/9271","targetHints":{"allow":["GET"]}}],"collection":[{"href":"https:\/\/www.interaccionnoticias.com.mx\/index.php?rest_route=\/wp\/v2\/posts"}],"about":[{"href":"https:\/\/www.interaccionnoticias.com.mx\/index.php?rest_route=\/wp\/v2\/types\/post"}],"author":[{"embeddable":true,"href":"https:\/\/www.interaccionnoticias.com.mx\/index.php?rest_route=\/wp\/v2\/users\/1"}],"replies":[{"embeddable":true,"href":"https:\/\/www.interaccionnoticias.com.mx\/index.php?rest_route=%2Fwp%2Fv2%2Fcomments&post=9271"}],"version-history":[{"count":0,"href":"https:\/\/www.interaccionnoticias.com.mx\/index.php?rest_route=\/wp\/v2\/posts\/9271\/revisions"}],"wp:attachment":[{"href":"https:\/\/www.interaccionnoticias.com.mx\/index.php?rest_route=%2Fwp%2Fv2%2Fmedia&parent=9271"}],"wp:term":[{"taxonomy":"category","embeddable":true,"href":"https:\/\/www.interaccionnoticias.com.mx\/index.php?rest_route=%2Fwp%2Fv2%2Fcategories&post=9271"},{"taxonomy":"post_tag","embeddable":true,"href":"https:\/\/www.interaccionnoticias.com.mx\/index.php?rest_route=%2Fwp%2Fv2%2Ftags&post=9271"}],"curies":[{"name":"wp","href":"https:\/\/api.w.org\/{rel}","templated":true}]}}