{"id":92694,"date":"2025-06-19T15:38:12","date_gmt":"2025-06-19T21:38:12","guid":{"rendered":"https:\/\/www.interaccionnoticias.com.mx\/?p=92694"},"modified":"2025-06-19T15:38:13","modified_gmt":"2025-06-19T21:38:13","slug":"se-amplia-la-suspension-de-clases-para-este-viernes-20-de-junio-en-guerrero","status":"publish","type":"post","link":"https:\/\/www.interaccionnoticias.com.mx\/?p=92694","title":{"rendered":"Se ampl\u00eda la suspensi\u00f3n de clases para este viernes 20 de junio en Guerrero"},"content":{"rendered":"\n<p><em><strong>&#8212; En todos los turnos y todos los niveles<br>&#8212; La intenci\u00f3n es mantener a salvo a la comunidad escolar y la planta docente<\/strong><\/em><\/p>\n\n\n\n<p><strong>Rogelio Agust\u00edn<\/strong><\/p>\n\n\n\n<p>La gobernadora Evelyn Salgado Pineda confirm\u00f3 que la suspensi\u00f3n de clases se ampl\u00ede para este viernes 20 de junio en todas las regiones de la entidad, a consecuencia de las lluvias y los vientos provocadas por el hurac\u00e1n Erick.<\/p>\n\n\n\n<p>La jefa del Poder Ejecutivo local indic\u00f3 que la determinaci\u00f3n se toma en funci\u00f3n de las recomendaciones emitidas por la Secretar\u00eda de Gesti\u00f3n de Riesgos y Protecci\u00f3n Civil, a cargo del Doctor Roberto Arroyo Matus.<\/p>\n\n\n\n<p>La intenci\u00f3n, de acuerdo con la gobernadora Salgado Pineda, es mantener a salvo a la comunidad estudiantil de todos los niveles educativos, a la planta docente y los padres de familia.<\/p>\n\n\n\n<p>Aunque el hurac\u00e1n Erick se degrada conforme avanza, ha generado afectaciones en municipios de la Costa Chica y Monta\u00f1a, adem\u00e1s del crecimiento de cuerpos de agua en la regi\u00f3n Centro y la Sierra.<\/p>\n\n\n\n<p>Existen reportes sobre ca\u00edda de postes, derribo de \u00e1rboles, cortes de caminos y la suspensi\u00f3n del servicio de energ\u00eda el\u00e9ctrica en algunos puntos como Cuajinicuilapa.<\/p>\n\n\n\n<p>La gobernadora reiter\u00f3 el llamado a retirarse de zonas consideradas como de alto riesgo y buscar los refugios temporales que ya se encuentran habilitados.<\/p>\n\n\n\n<p>Las clases se suspendieron desde el mi\u00e9rcoles 18 y jueves 19 de junio, pero dadas las condiciones de lluvia que prevalecen, se decidi\u00f3 mantener las escuelas cerradas en los 85 municipios tambi\u00e9n durante la jornada del viernes.<\/p>\n\n\n\n<p>La ampliaci\u00f3n del cierre de las escuelas fue confirmada tambi\u00e9n por la Secretar\u00eda de Educaci\u00f3n Guerrero (SEG).<\/p>\n\n\n\n<figure class=\"wp-block-gallery has-nested-images columns-default is-cropped wp-block-gallery-1 is-layout-flex wp-block-gallery-is-layout-flex\">\n<figure class=\"wp-block-image size-large\"><img decoding=\"async\" src=\"data:image\/gif;base64,R0lGODlhAQABAIAAAAAAAP\/\/\/ywAAAAAAQABAAACAUwAOw==\" fifu-lazy=\"1\" fifu-data-sizes=\"auto\" fifu-data-srcset=\"https:\/\/i0.wp.com\/www.interaccionnoticias.com.mx\/wp-content\/uploads\/2025\/06\/250619-suspension-de-clases-818x1024.png?ssl=1&w=75&resize=75&ssl=1 75w, https:\/\/i0.wp.com\/www.interaccionnoticias.com.mx\/wp-content\/uploads\/2025\/06\/250619-suspension-de-clases-818x1024.png?ssl=1&w=100&resize=100&ssl=1 100w, https:\/\/i0.wp.com\/www.interaccionnoticias.com.mx\/wp-content\/uploads\/2025\/06\/250619-suspension-de-clases-818x1024.png?ssl=1&w=150&resize=150&ssl=1 150w, https:\/\/i0.wp.com\/www.interaccionnoticias.com.mx\/wp-content\/uploads\/2025\/06\/250619-suspension-de-clases-818x1024.png?ssl=1&w=240&resize=240&ssl=1 240w, https:\/\/i0.wp.com\/www.interaccionnoticias.com.mx\/wp-content\/uploads\/2025\/06\/250619-suspension-de-clases-818x1024.png?ssl=1&w=320&resize=320&ssl=1 320w, https:\/\/i0.wp.com\/www.interaccionnoticias.com.mx\/wp-content\/uploads\/2025\/06\/250619-suspension-de-clases-818x1024.png?ssl=1&w=500&resize=500&ssl=1 500w, https:\/\/i0.wp.com\/www.interaccionnoticias.com.mx\/wp-content\/uploads\/2025\/06\/250619-suspension-de-clases-818x1024.png?ssl=1&w=640&resize=640&ssl=1 640w, https:\/\/i0.wp.com\/www.interaccionnoticias.com.mx\/wp-content\/uploads\/2025\/06\/250619-suspension-de-clases-818x1024.png?ssl=1&w=800&resize=800&ssl=1 800w, https:\/\/i0.wp.com\/www.interaccionnoticias.com.mx\/wp-content\/uploads\/2025\/06\/250619-suspension-de-clases-818x1024.png?ssl=1&w=1024&resize=1024&ssl=1 1024w, https:\/\/i0.wp.com\/www.interaccionnoticias.com.mx\/wp-content\/uploads\/2025\/06\/250619-suspension-de-clases-818x1024.png?ssl=1&w=1280&resize=1280&ssl=1 1280w, https:\/\/i0.wp.com\/www.interaccionnoticias.com.mx\/wp-content\/uploads\/2025\/06\/250619-suspension-de-clases-818x1024.png?ssl=1&w=1600&resize=1600&ssl=1 1600w\" data-id=\"92695\" fifu-data-src=\"https:\/\/i0.wp.com\/www.interaccionnoticias.com.mx\/wp-content\/uploads\/2025\/06\/250619-suspension-de-clases-818x1024.png?ssl=1\" alt=\"\" class=\"wp-image-92695\"\/><\/figure>\n<\/figure>\n","protected":false},"excerpt":{"rendered":"<p>&#8212; En todos los turnos y todos los niveles&#8212; La intenci\u00f3n es mantener a salvo a la comunidad escolar y la planta docente Rogelio Agust\u00edn La gobernadora Evelyn Salgado Pineda&hellip; <\/p>\n","protected":false},"author":21,"featured_media":92698,"comment_status":"open","ping_status":"open","sticky":false,"template":"","format":"standard","meta":{"fifu_image_url":"https:\/\/www.interaccionnoticias.com.mx\/wp-content\/uploads\/2025\/06\/250619-suspension-clases.jpg","fifu_image_alt":"","footnotes":""},"categories":[6],"tags":[],"class_list":["post-92694","post","type-post","status-publish","format-standard","has-post-thumbnail","hentry","category-educacion"],"_links":{"self":[{"href":"https:\/\/www.interaccionnoticias.com.mx\/index.php?rest_route=\/wp\/v2\/posts\/92694","targetHints":{"allow":["GET"]}}],"collection":[{"href":"https:\/\/www.interaccionnoticias.com.mx\/index.php?rest_route=\/wp\/v2\/posts"}],"about":[{"href":"https:\/\/www.interaccionnoticias.com.mx\/index.php?rest_route=\/wp\/v2\/types\/post"}],"author":[{"embeddable":true,"href":"https:\/\/www.interaccionnoticias.com.mx\/index.php?rest_route=\/wp\/v2\/users\/21"}],"replies":[{"embeddable":true,"href":"https:\/\/www.interaccionnoticias.com.mx\/index.php?rest_route=%2Fwp%2Fv2%2Fcomments&post=92694"}],"version-history":[{"count":1,"href":"https:\/\/www.interaccionnoticias.com.mx\/index.php?rest_route=\/wp\/v2\/posts\/92694\/revisions"}],"predecessor-version":[{"id":92697,"href":"https:\/\/www.interaccionnoticias.com.mx\/index.php?rest_route=\/wp\/v2\/posts\/92694\/revisions\/92697"}],"wp:featuredmedia":[{"embeddable":true,"href":"https:\/\/www.interaccionnoticias.com.mx\/index.php?rest_route=\/wp\/v2\/media\/92698"}],"wp:attachment":[{"href":"https:\/\/www.interaccionnoticias.com.mx\/index.php?rest_route=%2Fwp%2Fv2%2Fmedia&parent=92694"}],"wp:term":[{"taxonomy":"category","embeddable":true,"href":"https:\/\/www.interaccionnoticias.com.mx\/index.php?rest_route=%2Fwp%2Fv2%2Fcategories&post=92694"},{"taxonomy":"post_tag","embeddable":true,"href":"https:\/\/www.interaccionnoticias.com.mx\/index.php?rest_route=%2Fwp%2Fv2%2Ftags&post=92694"}],"curies":[{"name":"wp","href":"https:\/\/api.w.org\/{rel}","templated":true}]}}