{"id":92685,"date":"2025-06-18T22:00:00","date_gmt":"2025-06-19T04:00:00","guid":{"rendered":"https:\/\/www.interaccionnoticias.com.mx\/?p=92685"},"modified":"2025-06-19T01:25:59","modified_gmt":"2025-06-19T07:25:59","slug":"guerrero-esta-en-semaforo-rojo","status":"publish","type":"post","link":"https:\/\/www.interaccionnoticias.com.mx\/?p=92685","title":{"rendered":"Guerrero est\u00e1 en sem\u00e1foro rojo"},"content":{"rendered":"\n<p><strong><em>&#8212; Es el equivalente a m\u00e1ximo riesgo por el hurac\u00e1n Erick, confirma la gobernadora Evelin Salgado Pineda<\/em><\/strong><\/p>\n\n\n\n<p><strong>Interacci\u00f3n<\/strong><\/p>\n\n\n\n<p>A las 21:40 horas de este mi\u00e9rcoles 18 de junio, la gobernadora Evelyn Salgado Pineda confirm\u00f3 que Guerrero se encuentra en sem\u00e1foro rojo, que implica entrar en la fase de m\u00e1ximo riesgo, ante la inminente entrada del hurac\u00e1n Erick, que se espera impacte en los l\u00edmites de Guerrero y Oaxaca.<\/p>\n\n\n\n<p>La jefa del Ejecutivo local encabez\u00f3 una transmisi\u00f3n especial junto al titular de Protecci\u00f3n Civil, Roberto Arroyo Matus, para confirmar que el estado se encuentra en la etapa de alerta m\u00e1xima, ante la contingencia que representa el hurac\u00e1n que ya es e nivel 3.<\/p>\n\n\n\n<p>Llam\u00f3 a la poblaci\u00f3n a mantenerse en casa, con todas las medidas de prevenci\u00f3n que se han difundido a lo largo de la jornada.<\/p>\n\n\n\n<p>Retom\u00f3 el mensaje enviado por la presidenta de la Rep\u00fablica, Claudia Sheinbaum Pardo, en el que dijo a los estados de Guerrero y Oaxaca que \u201cno est\u00e1n solos\u201d y que de manera coordinada, atendiendo las medidas pertinentes se podr\u00e1 salir adelante del momento de adversidad que representa el fen\u00f3meno meteorol\u00f3gico.<\/p>\n\n\n\n<p>En la transmisi\u00f3n en vivo participan los mandos de la Secretar\u00eda de Marina y de la Defensa Nacional, que han puesto en marcha el Plan D-N-III, de auxilio a la poblaci\u00f3n.<\/p>\n\n\n\n<figure class=\"wp-block-gallery has-nested-images columns-default is-cropped wp-block-gallery-1 is-layout-flex wp-block-gallery-is-layout-flex\">\n<figure class=\"wp-block-image size-large\"><img decoding=\"async\" src=\"data:image\/gif;base64,R0lGODlhAQABAIAAAAAAAP\/\/\/ywAAAAAAQABAAACAUwAOw==\" fifu-lazy=\"1\" fifu-data-sizes=\"auto\" fifu-data-srcset=\"https:\/\/i3.wp.com\/www.interaccionnoticias.com.mx\/wp-content\/uploads\/2025\/06\/250618-semaforo-rojo-2.jpg?ssl=1&w=75&resize=75&ssl=1 75w, https:\/\/i3.wp.com\/www.interaccionnoticias.com.mx\/wp-content\/uploads\/2025\/06\/250618-semaforo-rojo-2.jpg?ssl=1&w=100&resize=100&ssl=1 100w, https:\/\/i3.wp.com\/www.interaccionnoticias.com.mx\/wp-content\/uploads\/2025\/06\/250618-semaforo-rojo-2.jpg?ssl=1&w=150&resize=150&ssl=1 150w, https:\/\/i3.wp.com\/www.interaccionnoticias.com.mx\/wp-content\/uploads\/2025\/06\/250618-semaforo-rojo-2.jpg?ssl=1&w=240&resize=240&ssl=1 240w, https:\/\/i3.wp.com\/www.interaccionnoticias.com.mx\/wp-content\/uploads\/2025\/06\/250618-semaforo-rojo-2.jpg?ssl=1&w=320&resize=320&ssl=1 320w, https:\/\/i3.wp.com\/www.interaccionnoticias.com.mx\/wp-content\/uploads\/2025\/06\/250618-semaforo-rojo-2.jpg?ssl=1&w=500&resize=500&ssl=1 500w, https:\/\/i3.wp.com\/www.interaccionnoticias.com.mx\/wp-content\/uploads\/2025\/06\/250618-semaforo-rojo-2.jpg?ssl=1&w=640&resize=640&ssl=1 640w, https:\/\/i3.wp.com\/www.interaccionnoticias.com.mx\/wp-content\/uploads\/2025\/06\/250618-semaforo-rojo-2.jpg?ssl=1&w=800&resize=800&ssl=1 800w, https:\/\/i3.wp.com\/www.interaccionnoticias.com.mx\/wp-content\/uploads\/2025\/06\/250618-semaforo-rojo-2.jpg?ssl=1&w=1024&resize=1024&ssl=1 1024w, https:\/\/i3.wp.com\/www.interaccionnoticias.com.mx\/wp-content\/uploads\/2025\/06\/250618-semaforo-rojo-2.jpg?ssl=1&w=1280&resize=1280&ssl=1 1280w, https:\/\/i3.wp.com\/www.interaccionnoticias.com.mx\/wp-content\/uploads\/2025\/06\/250618-semaforo-rojo-2.jpg?ssl=1&w=1600&resize=1600&ssl=1 1600w\" data-id=\"92686\" fifu-data-src=\"https:\/\/i3.wp.com\/www.interaccionnoticias.com.mx\/wp-content\/uploads\/2025\/06\/250618-semaforo-rojo-2.jpg?ssl=1\" alt=\"\" class=\"wp-image-92686\"\/><\/figure>\n\n\n\n<figure class=\"wp-block-image size-large\"><img decoding=\"async\" src=\"data:image\/gif;base64,R0lGODlhAQABAIAAAAAAAP\/\/\/ywAAAAAAQABAAACAUwAOw==\" fifu-lazy=\"1\" fifu-data-sizes=\"auto\" fifu-data-srcset=\"https:\/\/i3.wp.com\/www.interaccionnoticias.com.mx\/wp-content\/uploads\/2025\/06\/250618-semaforo-rojo-1.jpg?ssl=1&w=75&resize=75&ssl=1 75w, https:\/\/i3.wp.com\/www.interaccionnoticias.com.mx\/wp-content\/uploads\/2025\/06\/250618-semaforo-rojo-1.jpg?ssl=1&w=100&resize=100&ssl=1 100w, https:\/\/i3.wp.com\/www.interaccionnoticias.com.mx\/wp-content\/uploads\/2025\/06\/250618-semaforo-rojo-1.jpg?ssl=1&w=150&resize=150&ssl=1 150w, https:\/\/i3.wp.com\/www.interaccionnoticias.com.mx\/wp-content\/uploads\/2025\/06\/250618-semaforo-rojo-1.jpg?ssl=1&w=240&resize=240&ssl=1 240w, https:\/\/i3.wp.com\/www.interaccionnoticias.com.mx\/wp-content\/uploads\/2025\/06\/250618-semaforo-rojo-1.jpg?ssl=1&w=320&resize=320&ssl=1 320w, https:\/\/i3.wp.com\/www.interaccionnoticias.com.mx\/wp-content\/uploads\/2025\/06\/250618-semaforo-rojo-1.jpg?ssl=1&w=500&resize=500&ssl=1 500w, https:\/\/i3.wp.com\/www.interaccionnoticias.com.mx\/wp-content\/uploads\/2025\/06\/250618-semaforo-rojo-1.jpg?ssl=1&w=640&resize=640&ssl=1 640w, https:\/\/i3.wp.com\/www.interaccionnoticias.com.mx\/wp-content\/uploads\/2025\/06\/250618-semaforo-rojo-1.jpg?ssl=1&w=800&resize=800&ssl=1 800w, https:\/\/i3.wp.com\/www.interaccionnoticias.com.mx\/wp-content\/uploads\/2025\/06\/250618-semaforo-rojo-1.jpg?ssl=1&w=1024&resize=1024&ssl=1 1024w, https:\/\/i3.wp.com\/www.interaccionnoticias.com.mx\/wp-content\/uploads\/2025\/06\/250618-semaforo-rojo-1.jpg?ssl=1&w=1280&resize=1280&ssl=1 1280w, https:\/\/i3.wp.com\/www.interaccionnoticias.com.mx\/wp-content\/uploads\/2025\/06\/250618-semaforo-rojo-1.jpg?ssl=1&w=1600&resize=1600&ssl=1 1600w\" data-id=\"92687\" fifu-data-src=\"https:\/\/i3.wp.com\/www.interaccionnoticias.com.mx\/wp-content\/uploads\/2025\/06\/250618-semaforo-rojo-1.jpg?ssl=1\" alt=\"\" class=\"wp-image-92687\"\/><\/figure>\n<\/figure>\n","protected":false},"excerpt":{"rendered":"<p>&#8212; Es el equivalente a m\u00e1ximo riesgo por el hurac\u00e1n Erick, confirma la gobernadora Evelin Salgado Pineda Interacci\u00f3n A las 21:40 horas de este mi\u00e9rcoles 18 de junio, la gobernadora&hellip; <\/p>\n","protected":false},"author":2,"featured_media":92689,"comment_status":"open","ping_status":"open","sticky":false,"template":"","format":"standard","meta":{"fifu_image_url":"https:\/\/www.interaccionnoticias.com.mx\/wp-content\/uploads\/2025\/06\/250618-semaforo-rojo-1.jpg","fifu_image_alt":"","footnotes":""},"categories":[11],"tags":[],"class_list":["post-92685","post","type-post","status-publish","format-standard","has-post-thumbnail","hentry","category-guerrero"],"_links":{"self":[{"href":"https:\/\/www.interaccionnoticias.com.mx\/index.php?rest_route=\/wp\/v2\/posts\/92685","targetHints":{"allow":["GET"]}}],"collection":[{"href":"https:\/\/www.interaccionnoticias.com.mx\/index.php?rest_route=\/wp\/v2\/posts"}],"about":[{"href":"https:\/\/www.interaccionnoticias.com.mx\/index.php?rest_route=\/wp\/v2\/types\/post"}],"author":[{"embeddable":true,"href":"https:\/\/www.interaccionnoticias.com.mx\/index.php?rest_route=\/wp\/v2\/users\/2"}],"replies":[{"embeddable":true,"href":"https:\/\/www.interaccionnoticias.com.mx\/index.php?rest_route=%2Fwp%2Fv2%2Fcomments&post=92685"}],"version-history":[{"count":1,"href":"https:\/\/www.interaccionnoticias.com.mx\/index.php?rest_route=\/wp\/v2\/posts\/92685\/revisions"}],"predecessor-version":[{"id":92688,"href":"https:\/\/www.interaccionnoticias.com.mx\/index.php?rest_route=\/wp\/v2\/posts\/92685\/revisions\/92688"}],"wp:featuredmedia":[{"embeddable":true,"href":"https:\/\/www.interaccionnoticias.com.mx\/index.php?rest_route=\/wp\/v2\/media\/92689"}],"wp:attachment":[{"href":"https:\/\/www.interaccionnoticias.com.mx\/index.php?rest_route=%2Fwp%2Fv2%2Fmedia&parent=92685"}],"wp:term":[{"taxonomy":"category","embeddable":true,"href":"https:\/\/www.interaccionnoticias.com.mx\/index.php?rest_route=%2Fwp%2Fv2%2Fcategories&post=92685"},{"taxonomy":"post_tag","embeddable":true,"href":"https:\/\/www.interaccionnoticias.com.mx\/index.php?rest_route=%2Fwp%2Fv2%2Ftags&post=92685"}],"curies":[{"name":"wp","href":"https:\/\/api.w.org\/{rel}","templated":true}]}}