{"id":92630,"date":"2025-06-17T22:40:50","date_gmt":"2025-06-18T04:40:50","guid":{"rendered":"https:\/\/www.interaccionnoticias.com.mx\/?p=92630"},"modified":"2025-06-17T22:40:51","modified_gmt":"2025-06-18T04:40:51","slug":"detienen-a-hombre-acusado-de-feminicidio-y-homicidio-calificado-en-tlacoapa-en-la-region-montana","status":"publish","type":"post","link":"https:\/\/www.interaccionnoticias.com.mx\/?p=92630","title":{"rendered":"Detienen a hombre acusado de feminicidio y homicidio calificado en Tlacoapa, en la regi\u00f3n Monta\u00f1a"},"content":{"rendered":"\n<p><strong><em>&#8212; Francisco \u201cN\u201d habr\u00eda asesinado a su abuela, su t\u00edo y t\u00eda el pasado 13 de junio en la localidad de La Sabana, municipio de Tlacoapa<\/em><\/strong><\/p>\n\n\n\n<p><strong>Rogelio Agust\u00edn<\/strong><\/p>\n\n\n\n<p>La Fiscal\u00eda General del Estado (FGE) confirm\u00f3 la detenci\u00f3n de Francisco \u00abN\u00bb, quien es acusado de feminicidio y homicidio calificado, delitos registrados el pasado 13 de junio en la comunidad de La Sabana, municipio de Tlacoapa.<\/p>\n\n\n\n<p>Las v\u00edctimas son la abuela, el t\u00edo y la t\u00eda del perpetrador, quien fue capturado por elementos de la Polic\u00eda Investigadora Ministerial (PIM) y la Secretar\u00eda de Seguridad P\u00fablica (SSP).<\/p>\n\n\n\n<p>La FGE indic\u00f3 que derivado de las investigaciones y en una acci\u00f3n conjunta con autoridades federales y estatales, se cumpliment\u00f3 una orden de aprehensi\u00f3n en contra de Francisco \u201cN\u201d, por su probable responsabilidad en el delito de feminicidio en agravio de dos mujeres, y homicidio calificado en agravio de Leandro \u201cN\u201d.<\/p>\n\n\n\n<p>La FGE detall\u00f3 que el mandamiento judicial fue ejecutado en el municipio de Tlapa de Comonfort, en un operativo en el que tambi\u00e9n intervinieron elementos de la Secretar\u00eda de la Defensa Nacional (DEFENSA) y Guardia Nacional (GN)?<\/p>\n\n\n\n<p>Se sabe que el 13 de junio pasado, Francisco \u00abN\u00bb, presuntamente agredi\u00f3 a las v\u00edctimas con un arma punzocortante, provoc\u00e1ndoles lesiones que les ocasionaron la muerte. El ataque ocurri\u00f3 en un terreno ubicado en la localidad de La Sabana, perteneciente al municipio de Tlacoapa.<\/p>\n\n\n\n<p>Al momento de su detenci\u00f3n, fue informado del mandamiento judicial en su contra, as\u00ed como de sus derechos constitucionales.<\/p>\n\n\n\n<p>Se dio a conocer que el acusado ser\u00e1 puesto a disposici\u00f3n del Juez de Control y Enjuiciamiento Penal que lo requiere, a efecto de que se determine su situaci\u00f3n jur\u00eddica.<\/p>\n","protected":false},"excerpt":{"rendered":"<p>&#8212; Francisco \u201cN\u201d habr\u00eda asesinado a su abuela, su t\u00edo y t\u00eda el pasado 13 de junio en la localidad de La Sabana, municipio de Tlacoapa Rogelio Agust\u00edn La Fiscal\u00eda&hellip; <\/p>\n","protected":false},"author":21,"featured_media":92633,"comment_status":"open","ping_status":"open","sticky":false,"template":"","format":"standard","meta":{"fifu_image_url":"https:\/\/www.interaccionnoticias.com.mx\/wp-content\/uploads\/2025\/06\/250617-Detienen-Tlacoapa.jpg","fifu_image_alt":"","footnotes":""},"categories":[27],"tags":[],"class_list":["post-92630","post","type-post","status-publish","format-standard","has-post-thumbnail","hentry","category-seguridad-publica"],"_links":{"self":[{"href":"https:\/\/www.interaccionnoticias.com.mx\/index.php?rest_route=\/wp\/v2\/posts\/92630","targetHints":{"allow":["GET"]}}],"collection":[{"href":"https:\/\/www.interaccionnoticias.com.mx\/index.php?rest_route=\/wp\/v2\/posts"}],"about":[{"href":"https:\/\/www.interaccionnoticias.com.mx\/index.php?rest_route=\/wp\/v2\/types\/post"}],"author":[{"embeddable":true,"href":"https:\/\/www.interaccionnoticias.com.mx\/index.php?rest_route=\/wp\/v2\/users\/21"}],"replies":[{"embeddable":true,"href":"https:\/\/www.interaccionnoticias.com.mx\/index.php?rest_route=%2Fwp%2Fv2%2Fcomments&post=92630"}],"version-history":[{"count":1,"href":"https:\/\/www.interaccionnoticias.com.mx\/index.php?rest_route=\/wp\/v2\/posts\/92630\/revisions"}],"predecessor-version":[{"id":92632,"href":"https:\/\/www.interaccionnoticias.com.mx\/index.php?rest_route=\/wp\/v2\/posts\/92630\/revisions\/92632"}],"wp:featuredmedia":[{"embeddable":true,"href":"https:\/\/www.interaccionnoticias.com.mx\/index.php?rest_route=\/wp\/v2\/media\/92633"}],"wp:attachment":[{"href":"https:\/\/www.interaccionnoticias.com.mx\/index.php?rest_route=%2Fwp%2Fv2%2Fmedia&parent=92630"}],"wp:term":[{"taxonomy":"category","embeddable":true,"href":"https:\/\/www.interaccionnoticias.com.mx\/index.php?rest_route=%2Fwp%2Fv2%2Fcategories&post=92630"},{"taxonomy":"post_tag","embeddable":true,"href":"https:\/\/www.interaccionnoticias.com.mx\/index.php?rest_route=%2Fwp%2Fv2%2Ftags&post=92630"}],"curies":[{"name":"wp","href":"https:\/\/api.w.org\/{rel}","templated":true}]}}