{"id":9263,"date":"2017-10-13T16:41:21","date_gmt":"2017-10-13T21:41:21","guid":{"rendered":"http:\/\/www.inter-accion.com.mx\/?p=9263"},"modified":"2017-10-13T16:41:21","modified_gmt":"2017-10-13T21:41:21","slug":"vivir-dos-veces-el-sismo-del-19s-en-mexico","status":"publish","type":"post","link":"https:\/\/www.interaccionnoticias.com.mx\/?p=9263","title":{"rendered":"Vivir dos veces el sismo del 19S en M\u00e9xico"},"content":{"rendered":"<p><strong>Me dec\u00edan que yo era un basurero, porque me quedaba a recoger los cad\u00e1veres, pero los cad\u00e1veres que yo me quedaba a recoger eran para entregarlos a sus familiares: H\u00e9ctor \u201cEl Chino\u201d M\u00e9ndez<br \/>\n<\/strong><br \/>\n<br \/>\n<strong>&nbsp;<\/strong><br \/>\n<strong>Zumpango del Rio, Gro.-<\/strong> H\u00e9ctor \u201cEl Chino\u201d M\u00e9ndez Rosales, fundador de la organizaci\u00f3n no gubernamental Brigada Internacional de Rescate Tlatelolco-Azteca A.C (BIRTA), acudi\u00f3 la ma\u00f1ana de este viernes 13 de octubre a Zumpango del Rio, cabecera municipal de Eduardo Neri, para recibir la Presa del M\u00e9rito Civil \u201cEduardo Neri Reynoso\u201d, por sus 32 a\u00f1os de labor altruista como Topo en los desastres naturales.<br \/>\nCon su uniforme de rescate color naranja \u201cEl Chino\u201d en compa\u00f1\u00eda de una comisi\u00f3n de la organizaci\u00f3n BIRTA entre ellos su hermano Carlos M\u00e9ndez Rosales pisaron las tierras que los vieron nacer. En la Alameda Central \u201cCoronel Jos\u00e9 Mar\u00eda Bernal\u201d, los esperaban sus amigos y familiares que por a\u00f1os no ve\u00edan, entre porras y aplausos subieron al pres\u00eddium de honor.<br \/>\nAh\u00ed las autoridades municipales le organizaron un sencillo pero emotivo programa para reconocer su trabajo como brigadista voluntario en diferentes partes del mundo, mientras la presentaci\u00f3n trascurr\u00eda \u201cEl Chino\u201d siempre mantuvo la cabeza agachada como muestra de agradecimiento.<br \/>\nH\u00e9ctor M\u00e9ndez Rosales, es originario de Zumpango del Rio, ten\u00eda su domicilio en la calle 16 de septiembre #82, Col. Santo Tomas, desde temprana edad sus padres Sofia Rosales V\u00e1zquez y Ram\u00f3n M\u00e9ndez Arce se lo llevaron a radicar a la Ciudad de M\u00e9xico. Es de profesi\u00f3n Contador P\u00fablico egresado de la Universidad Nacional Aut\u00f3noma de M\u00e9xico (UNAM) y actualmente cuenta con 71 a\u00f1os de edad.<br \/>\nAl redor de las 10:00 horas, el alcalde municipal de Educado Neri, Pablo Higuera Fuentes en compa\u00f1\u00eda del representante del gobernador del estado de Guerrero, le entregaron el reconocimiento al M\u00e9rito Civil, Presea que el cabildo municipal aprob\u00f3 en d\u00edas pasados por unanimidad de votos.<br \/>\nEn su mensaje H\u00e9ctor \u201cEl Chino\u201d M\u00e9ndez, dijo sentirse satisfecho en volver a visitar la tierra que lo vio nacer, \u201cme siento muy contento regresar al lugar donde est\u00e1n mis ra\u00edces, ver a mis primos con quienes anduve siempre de ni\u00f1o recorriendo los cerros, las festividades y caminar todos estos lugares del municipio\u201d.<br \/>\nRecord\u00f3 que el 19 de septiembre de 2017 se encontraba con su equipo a unos metros del Z\u00f3calo de la Ciudad de M\u00e9xico en una taquer\u00eda. Cuando se present\u00f3 el sismo que sacudi\u00f3 la ciudad, dijo actuaron de manera inmediata ayudando a sacar a la gente de los edificios. Por el tr\u00e1fico que se gener\u00f3 en ese momento decidieron pedir el apoyo a los polic\u00edas capitalinos que se transportan en motocicletas para que los ayudaran a llegar al Colegio Enrique R\u00e9bsamen, ah\u00ed fueron los primeros en arribar y en sacar al primer ni\u00f1o con vida de entre los escombros. Al paso de las horas los brigadistas mejor conocidos como topos se fueron integrando para cubrir todas las zonas colapsadas.<br \/>\nCon l\u00e1grimas en los ojos y con la voz quebrada, hizo un reconocimiento a la juventud mexicana por su gran valor y valent\u00eda, \u201cfueron esos muchachos que dec\u00edan que no ten\u00edan futuro, los desconocidos, los olvidados, que a diario ve\u00edamos pasar en las calles, esos chamaquitos con sus guantes, con sus botas que sin importar la hora se unieron para retirar escombros, eso nos debe de llenar de orgullo\u201d.<br \/>\n\u201cLos jovencitos se me acercaban para decirme, yo quiero entrar contigo, yo les ve\u00eda en los ojos la decisi\u00f3n, el valor, ellos quer\u00edan entrar a buscar los cuerpos y mi obligaci\u00f3n como viejo era cuidarlos y les pon\u00eda mi casco y les daba mis guantes. Esos jovencitos son el presente, son los que est\u00e1n haciendo patria\u201d.<br \/>\nEn el sismo del 19 de septiembre de 1985 manifest\u00f3 que actu\u00f3 como los j\u00f3venes los hicieron en el 2017 , con valor, enjundia, solidaridad, y sobre todo con mucho coraje \u201clo que me sorprendi\u00f3 much\u00edsimo ahora fue esa gran ola de energ\u00eda positiva de amor, solidaridad de los j\u00f3venes\u201d.<br \/>\nExpres\u00f3 que el terremoto del 2017 lleg\u00f3 a mover la corrupci\u00f3n y cinismos de las clases en el poder. Pero como organizaci\u00f3n se percataron el 19 de septiembre el esfuerzo que inicio en 1985 rindi\u00f3 sus frutos, \u201cse vio coronado, nosotros que nos dedicamos a esta labor le llamamos primer respondiente\u201d, ya que lo enfrentaron con una experiencia de 32 a\u00f1os.<br \/>\nComo asociaci\u00f3n civil han creado grupos de rescate en 25 pa\u00edses y en varios estados de la Rep\u00fablica Mexicana. Refiri\u00f3 que como grupo en el pasado sismo de 7.1, tuvieron un promedio de 300 topos trabajando en la Ciudad M\u00e9xico y Morelos y que contin\u00faan con las brigadas de ayuda.<br \/>\nCon tristeza record\u00f3 que, en el sismo de 1985, le dec\u00edan que era un \u201cun basurero\u201d por quedarse a buscar entre los escombros cuando las autoridades dan por terminados los trabajos, \u201ca mi dec\u00edan que yo era un basurero, porque me quedaba a recoger los cad\u00e1veres, pero los cad\u00e1veres que yo me quedaba a recoger eran para entregarlos a sus familiares\u201d.<br \/>\nA unos d\u00edas de cumplirse un mes del sismo de 7.1 sacudi\u00f3 al pa\u00eds entero, \u201cEl Chino M\u00e9ndez termin\u00f3 su mensaje con un \u00a1Viva M\u00e9xico!<br \/>\nAl bajar del templete, los familiares y amigos contempor\u00e1neos del \u201cEl Chino\u201d, decidieron no esperar m\u00e1s y corrieron hacia \u00e9l para abrazarlo y tomarse fotograf\u00edas.<\/p>\n","protected":false},"excerpt":{"rendered":"<p>Me dec\u00edan que yo era un basurero, porque me quedaba a recoger los cad\u00e1veres, pero los cad\u00e1veres que yo me quedaba a recoger eran para entregarlos a sus familiares: H\u00e9ctor&hellip; <\/p>\n","protected":false},"author":1,"featured_media":0,"comment_status":"closed","ping_status":"closed","sticky":false,"template":"","format":"standard","meta":{"fifu_image_url":"","fifu_image_alt":"","footnotes":""},"categories":[8,24],"tags":[],"class_list":["post-9263","post","type-post","status-publish","format-standard","hentry","category-featured","category-reportajes"],"_links":{"self":[{"href":"https:\/\/www.interaccionnoticias.com.mx\/index.php?rest_route=\/wp\/v2\/posts\/9263","targetHints":{"allow":["GET"]}}],"collection":[{"href":"https:\/\/www.interaccionnoticias.com.mx\/index.php?rest_route=\/wp\/v2\/posts"}],"about":[{"href":"https:\/\/www.interaccionnoticias.com.mx\/index.php?rest_route=\/wp\/v2\/types\/post"}],"author":[{"embeddable":true,"href":"https:\/\/www.interaccionnoticias.com.mx\/index.php?rest_route=\/wp\/v2\/users\/1"}],"replies":[{"embeddable":true,"href":"https:\/\/www.interaccionnoticias.com.mx\/index.php?rest_route=%2Fwp%2Fv2%2Fcomments&post=9263"}],"version-history":[{"count":0,"href":"https:\/\/www.interaccionnoticias.com.mx\/index.php?rest_route=\/wp\/v2\/posts\/9263\/revisions"}],"wp:attachment":[{"href":"https:\/\/www.interaccionnoticias.com.mx\/index.php?rest_route=%2Fwp%2Fv2%2Fmedia&parent=9263"}],"wp:term":[{"taxonomy":"category","embeddable":true,"href":"https:\/\/www.interaccionnoticias.com.mx\/index.php?rest_route=%2Fwp%2Fv2%2Fcategories&post=9263"},{"taxonomy":"post_tag","embeddable":true,"href":"https:\/\/www.interaccionnoticias.com.mx\/index.php?rest_route=%2Fwp%2Fv2%2Ftags&post=9263"}],"curies":[{"name":"wp","href":"https:\/\/api.w.org\/{rel}","templated":true}]}}