{"id":92612,"date":"2025-06-17T13:12:00","date_gmt":"2025-06-17T19:12:00","guid":{"rendered":"https:\/\/www.interaccionnoticias.com.mx\/?p=92612"},"modified":"2025-06-17T19:56:19","modified_gmt":"2025-06-18T01:56:19","slug":"preven-que-erick-se-convierta-en-huracan-categoria-3-antes-de-impactar-el-pacifico-mexicano","status":"publish","type":"post","link":"https:\/\/www.interaccionnoticias.com.mx\/?p=92612","title":{"rendered":"Prev\u00e9n que \u201cErick\u201d se convierta en hurac\u00e1n categor\u00eda 3 antes de impactar el Pac\u00edfico mexicano"},"content":{"rendered":"\n<p><strong><em>&#8212; El fen\u00f3meno podr\u00eda afectar severamente a Guerrero, incluso si su centro no toca tierra en el estado<\/em><\/strong><\/p>\n\n\n\n<p><strong>Jes\u00fas Dorantes<\/strong><\/p>\n\n\n\n<p><strong>Chilpancingo, Gro., 17 de junio de 2025. \u2013 <\/strong>La tormenta tropical \u201cErick\u201d, que se desplaza frente a las costas del Pac\u00edfico, tiene potencial para convertirse en hurac\u00e1n categor\u00eda 3 en las pr\u00f3ximas horas, inform\u00f3 Ferm\u00edn Dami\u00e1n Adame, meteor\u00f3logo de la Secretar\u00eda de Gesti\u00f3n Integral de Riesgos y Protecci\u00f3n Civil del Estado de Guerrero.<\/p>\n\n\n\n<p>Durante una sesi\u00f3n informativa encabezada por la gobernadora Evelyn Salgado Pineda de este martes, el especialista explic\u00f3 que aunque el ojo del cicl\u00f3n podr\u00eda tocar tierra en estados vecinos como Oaxaca o Michoac\u00e1n, la amplitud de sus bandas nubosas que se extienden hasta 500 kil\u00f3metros har\u00eda inevitable su impacto en Guerrero.<\/p>\n\n\n\n<p>\u201cEl sistema se encuentra en condiciones favorables para su fortalecimiento vertical\u201d, dijo Dami\u00e1n Adame, al destacar que el bajo nivel de viento cortante en la atm\u00f3sfera y las altas temperaturas del oc\u00e9ano permitir\u00e1n que \u201cErick\u201d gane intensidad r\u00e1pidamente.<\/p>\n\n\n\n<p>\u201cEs como una bailarina, donde el ojo del hurac\u00e1n son sus pies y las bandas nubosas sus brazos, aunque el ojo no pase por Guerrero, sus brazos s\u00ed lo har\u00e1n\u201d, advirti\u00f3 el meteor\u00f3logo.<\/p>\n\n\n\n<p>Las precipitaciones m\u00e1s intensas est\u00e1n previstas a partir del mediod\u00eda del mi\u00e9rcoles en la Costa Chica, y se extender\u00e1n hacia la Monta\u00f1a, Sierra, Costa Grande, Acapulco, y tambi\u00e9n podr\u00edan alcanzar la regi\u00f3n Norte del estado.<\/p>\n\n\n\n<p>Adem\u00e1s del riesgo por lluvias, el fen\u00f3meno traer\u00e1 consigo oleaje de entre 4 y 5 metros cada 10 segundos, afectando severamente la navegaci\u00f3n y las zonas costeras.<\/p>\n\n\n\n<p>Por lo que se tiene previsto que el fen\u00f3meno de nombre Erick pueda convertirse en un hurac\u00e1n de hasta categor\u00eda tres en los pr\u00f3ximos d\u00edas.<\/p>\n\n\n\n<p>Protecci\u00f3n Civil tambi\u00e9n alert\u00f3 sobre crecidas repentinas de r\u00edos y arroyos, deslaves, ca\u00edda de \u00e1rboles y da\u00f1os en viviendas, por lo que se recomend\u00f3 a la poblaci\u00f3n mantenerse atenta a los reportes oficiales, ya que las condiciones podr\u00edan cambiar cada tres horas.<\/p>\n\n\n\n<p>Por su parte, la gobernadora Evelyn Salgado reiter\u00f3 el llamado a extremar precauciones y anunci\u00f3 la suspensi\u00f3n de clases en todo el estado este mi\u00e9rcoles 18 de junio, como parte de las acciones preventivas ante el avance de \u201cErick\u201d.<\/p>\n","protected":false},"excerpt":{"rendered":"<p>&#8212; El fen\u00f3meno podr\u00eda afectar severamente a Guerrero, incluso si su centro no toca tierra en el estado Jes\u00fas Dorantes Chilpancingo, Gro., 17 de junio de 2025. \u2013 La tormenta&hellip; <\/p>\n","protected":false},"author":8,"featured_media":92615,"comment_status":"open","ping_status":"open","sticky":false,"template":"","format":"standard","meta":{"fifu_image_url":"https:\/\/www.interaccionnoticias.com.mx\/wp-content\/uploads\/2025\/06\/250617-Erick-en-huracan.jpg","fifu_image_alt":"","footnotes":""},"categories":[9],"tags":[],"class_list":["post-92612","post","type-post","status-publish","format-standard","has-post-thumbnail","hentry","category-fenomenos-naturales"],"_links":{"self":[{"href":"https:\/\/www.interaccionnoticias.com.mx\/index.php?rest_route=\/wp\/v2\/posts\/92612","targetHints":{"allow":["GET"]}}],"collection":[{"href":"https:\/\/www.interaccionnoticias.com.mx\/index.php?rest_route=\/wp\/v2\/posts"}],"about":[{"href":"https:\/\/www.interaccionnoticias.com.mx\/index.php?rest_route=\/wp\/v2\/types\/post"}],"author":[{"embeddable":true,"href":"https:\/\/www.interaccionnoticias.com.mx\/index.php?rest_route=\/wp\/v2\/users\/8"}],"replies":[{"embeddable":true,"href":"https:\/\/www.interaccionnoticias.com.mx\/index.php?rest_route=%2Fwp%2Fv2%2Fcomments&post=92612"}],"version-history":[{"count":1,"href":"https:\/\/www.interaccionnoticias.com.mx\/index.php?rest_route=\/wp\/v2\/posts\/92612\/revisions"}],"predecessor-version":[{"id":92614,"href":"https:\/\/www.interaccionnoticias.com.mx\/index.php?rest_route=\/wp\/v2\/posts\/92612\/revisions\/92614"}],"wp:featuredmedia":[{"embeddable":true,"href":"https:\/\/www.interaccionnoticias.com.mx\/index.php?rest_route=\/wp\/v2\/media\/92615"}],"wp:attachment":[{"href":"https:\/\/www.interaccionnoticias.com.mx\/index.php?rest_route=%2Fwp%2Fv2%2Fmedia&parent=92612"}],"wp:term":[{"taxonomy":"category","embeddable":true,"href":"https:\/\/www.interaccionnoticias.com.mx\/index.php?rest_route=%2Fwp%2Fv2%2Fcategories&post=92612"},{"taxonomy":"post_tag","embeddable":true,"href":"https:\/\/www.interaccionnoticias.com.mx\/index.php?rest_route=%2Fwp%2Fv2%2Ftags&post=92612"}],"curies":[{"name":"wp","href":"https:\/\/api.w.org\/{rel}","templated":true}]}}