{"id":92604,"date":"2025-06-17T11:15:00","date_gmt":"2025-06-17T17:15:00","guid":{"rendered":"https:\/\/www.interaccionnoticias.com.mx\/?p=92604"},"modified":"2025-06-17T19:33:46","modified_gmt":"2025-06-18T01:33:46","slug":"con-armas-de-uso-exclusivo-matan-a-2-hombres-en-san-jeronimito","status":"publish","type":"post","link":"https:\/\/www.interaccionnoticias.com.mx\/?p=92604","title":{"rendered":"Con armas de uso exclusivo, matan a 2 hombres en San Jeronimito"},"content":{"rendered":"\n<p><em><strong>&#8212; Cerca de la sucursal del Banco de Bienestar, fueron canalizados al forense en calidad de desconocidos<\/strong><\/em><\/p>\n\n\n\n<p><strong>Javier Trujillo<\/strong><\/p>\n\n\n\n<p>La polic\u00eda local confirm\u00f3 el asesinato de dos hombres en la comunidad de San Jeronimito, cerca de las instalaciones del Banco de Bienestar, en el municipio de Petatl\u00e1n, en la Costa Grande de la entidad.<\/p>\n\n\n\n<p>El reporte se confirm\u00f3 la ma\u00f1ana de este martes 17 de junio, cuando la polic\u00eda fue alertada de la detonaci\u00f3n de armas de fuego en la comunidad de referencia, ubicada en la ruta que lleva hacia Zihuatanejo.<\/p>\n\n\n\n<p>Las autoridades ubicaron un veh\u00edculo color azul marca Honda, tipo CRV con varios impactos de bala.<\/p>\n\n\n\n<p>Dentro de la unidad se localizaron dos cad\u00e1veres de var\u00f3n, uno en el asiento del chofer y otro en la parte de atr\u00e1s, ambos ten\u00edan impactos de bala en la cabeza y rostro.<\/p>\n\n\n\n<p>En el lugar se recuperaron por lo menos 40 casquillos de calibre 7.62.<\/p>\n\n\n\n<p>7.62, es el calibre utilizado en rifles de asalto tipo AK-47, de uso exclusivo de las fuerzas armadas.<\/p>\n\n\n\n<p>La paredes y cristales de la sucursal del Banco del Bienestar recibieron varios impactos.<\/p>\n\n\n\n<p>Ambos cad\u00e1veres fueron canalizados a las instalaciones del Servicio M\u00e9dico Forense (SEMEFO) en calidad de desconocidos.<\/p>\n","protected":false},"excerpt":{"rendered":"<p>&#8212; Cerca de la sucursal del Banco de Bienestar, fueron canalizados al forense en calidad de desconocidos Javier Trujillo La polic\u00eda local confirm\u00f3 el asesinato de dos hombres en la&hellip; <\/p>\n","protected":false},"author":3,"featured_media":92607,"comment_status":"open","ping_status":"open","sticky":false,"template":"","format":"standard","meta":{"fifu_image_url":"https:\/\/www.interaccionnoticias.com.mx\/wp-content\/uploads\/2025\/06\/250617-San-Jeronimito.jpg","fifu_image_alt":"","footnotes":""},"categories":[27],"tags":[],"class_list":["post-92604","post","type-post","status-publish","format-standard","has-post-thumbnail","hentry","category-seguridad-publica"],"_links":{"self":[{"href":"https:\/\/www.interaccionnoticias.com.mx\/index.php?rest_route=\/wp\/v2\/posts\/92604","targetHints":{"allow":["GET"]}}],"collection":[{"href":"https:\/\/www.interaccionnoticias.com.mx\/index.php?rest_route=\/wp\/v2\/posts"}],"about":[{"href":"https:\/\/www.interaccionnoticias.com.mx\/index.php?rest_route=\/wp\/v2\/types\/post"}],"author":[{"embeddable":true,"href":"https:\/\/www.interaccionnoticias.com.mx\/index.php?rest_route=\/wp\/v2\/users\/3"}],"replies":[{"embeddable":true,"href":"https:\/\/www.interaccionnoticias.com.mx\/index.php?rest_route=%2Fwp%2Fv2%2Fcomments&post=92604"}],"version-history":[{"count":1,"href":"https:\/\/www.interaccionnoticias.com.mx\/index.php?rest_route=\/wp\/v2\/posts\/92604\/revisions"}],"predecessor-version":[{"id":92606,"href":"https:\/\/www.interaccionnoticias.com.mx\/index.php?rest_route=\/wp\/v2\/posts\/92604\/revisions\/92606"}],"wp:featuredmedia":[{"embeddable":true,"href":"https:\/\/www.interaccionnoticias.com.mx\/index.php?rest_route=\/wp\/v2\/media\/92607"}],"wp:attachment":[{"href":"https:\/\/www.interaccionnoticias.com.mx\/index.php?rest_route=%2Fwp%2Fv2%2Fmedia&parent=92604"}],"wp:term":[{"taxonomy":"category","embeddable":true,"href":"https:\/\/www.interaccionnoticias.com.mx\/index.php?rest_route=%2Fwp%2Fv2%2Fcategories&post=92604"},{"taxonomy":"post_tag","embeddable":true,"href":"https:\/\/www.interaccionnoticias.com.mx\/index.php?rest_route=%2Fwp%2Fv2%2Ftags&post=92604"}],"curies":[{"name":"wp","href":"https:\/\/api.w.org\/{rel}","templated":true}]}}