{"id":92588,"date":"2025-06-17T17:43:46","date_gmt":"2025-06-17T23:43:46","guid":{"rendered":"https:\/\/www.interaccionnoticias.com.mx\/?p=92588"},"modified":"2025-06-17T17:43:47","modified_gmt":"2025-06-17T23:43:47","slug":"los-celulares-solo-se-utilizaran-en-las-escuelas-en-casos-de-emergencia-familiar","status":"publish","type":"post","link":"https:\/\/www.interaccionnoticias.com.mx\/?p=92588","title":{"rendered":"Los celulares solo se utilizar\u00e1n en las escuelas en casos de emergencia familiar"},"content":{"rendered":"\n<p><em><strong>&#8211;Los docentes tambi\u00e9n podr\u00e1n utilizarlos, pero s\u00f3lo para cuestiones pedag\u00f3gicas<\/strong><\/em><\/p>\n\n\n\n<p><strong>Rosario Garc\u00eda Orozco<\/strong><\/p>\n\n\n\n<p>En las escuelas de nivel b\u00e1sico s\u00f3lo podr\u00e1n utilizarse los celulares para casos de emergencia o cuestiones pedag\u00f3gicas, asegur\u00f3 el presidente de la Comisi\u00f3n de Educaci\u00f3n, Ciencia y Tecnolog\u00eda del Congreso Local, P\u00e1nfilo S\u00e1nchez Almaz\u00e1n.<\/p>\n\n\n\n<p>Lo anterior, luego de que el Poder Legislativo aprob\u00f3 la reforma a la Ley de Educaci\u00f3n para que se regule el uso de dispositivos m\u00f3viles en los planteles educativos de nivel b\u00e1sico.<\/p>\n\n\n\n<p>P\u00e1nfilo S\u00e1nchez Almaz\u00e1n explic\u00f3 que los distractores que representan los aparatos m\u00f3viles como celulares y tabletas, s\u00f3lo se podr\u00e1n utilizar en los siguientes casos: \u00abpara apoyo pedag\u00f3gico, y en caso de emergencia familiar de los estudiantes y con la supervisi\u00f3n del docente o en este caso el Consejo de Participaci\u00f3n, en ese sentido como ya se dieron cuenta la semana pasada el pleno aprob\u00f3 esta reforma que sin duda va a beneficiar a las ni\u00f1as y ni\u00f1os del nivel b\u00e1sico\u201d.<\/p>\n\n\n\n<p>El legislador local dijo que la reforma contempla que el personal de la Secretar\u00eda de Educaci\u00f3n Guerrero, es decir, los maestros y padres de familia tengan una capacitaci\u00f3n para explicarles de que manera se va a aplicar la reforma educativa ya en las aulas, \u201cla idea es que le entremos todos\u201d.<\/p>\n\n\n\n<p>Mencion\u00f3 que estados como Quer\u00e9taro ya aprobaron la modificaci\u00f3n a la ley para generar condiciones de mayor seguridad y aprovechamiento acad\u00e9mico para los estudiantes, esa fue una de las primeras entidades del pa\u00eds en contar con una ley en esta materia, que regule el uso de aparatos m\u00f3viles en las escuelas.<\/p>\n\n\n\n<p>\u201cEl objetivo principal es cuidar sobre todo la salud mental de los ni\u00f1os, ni\u00f1as y adolescentes, evitar el ciber acoso, la violencia que genera este tipo de aparatos, que distraen principalmente a ni\u00f1os y ni\u00f1as en las aulas, prevenir, y no es un tema de ocurrencia\u201d, porque fue estudiada la problem\u00e1tica que se genera y entre legisladores y autoridades educativas se lleg\u00f3 a esa determinaci\u00f3n por el bien de los estudiantes, insisti\u00f3 el diputado local.<\/p>\n\n\n\n<p>Consider\u00f3 que para que esta reforma sea una realidad depende mucho de que los padres de familia acaten las instrucciones, porque \u201cpuede haber voluntad de las autoridades, pero tambi\u00e9n requerimos que los padres de familia se comprometan a acatar esa reglamentaci\u00f3n\u201d.<\/p>\n","protected":false},"excerpt":{"rendered":"<p>&#8211;Los docentes tambi\u00e9n podr\u00e1n utilizarlos, pero s\u00f3lo para cuestiones pedag\u00f3gicas Rosario Garc\u00eda Orozco En las escuelas de nivel b\u00e1sico s\u00f3lo podr\u00e1n utilizarse los celulares para casos de emergencia o cuestiones&hellip; <\/p>\n","protected":false},"author":14,"featured_media":92591,"comment_status":"open","ping_status":"open","sticky":false,"template":"","format":"standard","meta":{"fifu_image_url":"https:\/\/www.interaccionnoticias.com.mx\/wp-content\/uploads\/2025\/06\/250617-Panfilo-Sanchez-Almazan.jpg","fifu_image_alt":"","footnotes":""},"categories":[2],"tags":[],"class_list":["post-92588","post","type-post","status-publish","format-standard","has-post-thumbnail","hentry","category-congreso"],"_links":{"self":[{"href":"https:\/\/www.interaccionnoticias.com.mx\/index.php?rest_route=\/wp\/v2\/posts\/92588","targetHints":{"allow":["GET"]}}],"collection":[{"href":"https:\/\/www.interaccionnoticias.com.mx\/index.php?rest_route=\/wp\/v2\/posts"}],"about":[{"href":"https:\/\/www.interaccionnoticias.com.mx\/index.php?rest_route=\/wp\/v2\/types\/post"}],"author":[{"embeddable":true,"href":"https:\/\/www.interaccionnoticias.com.mx\/index.php?rest_route=\/wp\/v2\/users\/14"}],"replies":[{"embeddable":true,"href":"https:\/\/www.interaccionnoticias.com.mx\/index.php?rest_route=%2Fwp%2Fv2%2Fcomments&post=92588"}],"version-history":[{"count":1,"href":"https:\/\/www.interaccionnoticias.com.mx\/index.php?rest_route=\/wp\/v2\/posts\/92588\/revisions"}],"predecessor-version":[{"id":92590,"href":"https:\/\/www.interaccionnoticias.com.mx\/index.php?rest_route=\/wp\/v2\/posts\/92588\/revisions\/92590"}],"wp:featuredmedia":[{"embeddable":true,"href":"https:\/\/www.interaccionnoticias.com.mx\/index.php?rest_route=\/wp\/v2\/media\/92591"}],"wp:attachment":[{"href":"https:\/\/www.interaccionnoticias.com.mx\/index.php?rest_route=%2Fwp%2Fv2%2Fmedia&parent=92588"}],"wp:term":[{"taxonomy":"category","embeddable":true,"href":"https:\/\/www.interaccionnoticias.com.mx\/index.php?rest_route=%2Fwp%2Fv2%2Fcategories&post=92588"},{"taxonomy":"post_tag","embeddable":true,"href":"https:\/\/www.interaccionnoticias.com.mx\/index.php?rest_route=%2Fwp%2Fv2%2Ftags&post=92588"}],"curies":[{"name":"wp","href":"https:\/\/api.w.org\/{rel}","templated":true}]}}