{"id":92584,"date":"2025-06-17T10:14:00","date_gmt":"2025-06-17T16:14:00","guid":{"rendered":"https:\/\/www.interaccionnoticias.com.mx\/?p=92584"},"modified":"2025-06-17T17:38:09","modified_gmt":"2025-06-17T23:38:09","slug":"es-posible-anular-la-eleccion-del-poder-judicial-de-la-federacion-alejandro-bravo-abarca","status":"publish","type":"post","link":"https:\/\/www.interaccionnoticias.com.mx\/?p=92584","title":{"rendered":"Es posible anular la elecci\u00f3n del Poder Judicial de la Federaci\u00f3n: Alejandro Bravo Abarca"},"content":{"rendered":"\n<p><strong><em>&#8212; Si es necesario se recurrir\u00e1 a instancias internacionales<\/em><\/strong><\/p>\n\n\n\n<p><strong>Rosario Garc\u00eda Orozco<\/strong><\/p>\n\n\n\n<p>S\u00ed es posible anular la elecci\u00f3n del Poder Judicial de la Federaci\u00f3n, asegur\u00f3 el dirigente estatal del Partido Revolucionario Institucional (PRI), Alejandro Bravo Abarca<\/p>\n\n\n\n<p>El Comit\u00e9 Directivo Nacional del PRI anunci\u00f3 que impugn\u00f3 la elecci\u00f3n ante el Tribunal Electoral Federal para buscar anular ese proceso electoral del pasado 1 de junio, en el que se eligieron Ministro, magistrados y jueces del Poder Judicial de la Federaci\u00f3n.<\/p>\n\n\n\n<p>El dirigente priista mencion\u00f3 que \u00abcon mucha responsabilidad y convicci\u00f3n democr\u00e1tica se tom\u00f3 la decisi\u00f3n de impugnar la elecci\u00f3n del Poder Judicial de la Federaci\u00f3n ante el Tribunal Electoral federal para anular ese proceso \u00abdebido a la profunda y evidente vulneraci\u00f3n a los principios constitucionales, porque lejos de fortalecer el estado de derecho termin\u00f3 configurando un montaje que disfraz\u00f3 de Participaci\u00f3n Ciudadana lo que en realidad fue una imposici\u00f3n orquestada desde el Poder\u00bb.<\/p>\n\n\n\n<p>Refiri\u00f3 que fue \u00abmuy evidente el uso de acordeones porque s\u00f3lo quedaron quienes ven\u00edan en los acordeones a trav\u00e9s de los cuales orientaron y manipularon la elecci\u00f3n, fue m\u00e1s que evidente y eso es una violaci\u00f3n al principio de legitimidad de las elecciones y al sistema democr\u00e1tico de nuestro pa\u00eds\u00bb.<\/p>\n\n\n\n<p>El dirigente estatal del PRI coment\u00f3 que ahora el Tribunal Electoral Federal tiene las facultades para anular esa elecci\u00f3n y nosotros no nos pod\u00edamos quedar de brazos cruzados ante todo lo que vimos y vivimos y que todo el pa\u00eds es testigo, donde actores pol\u00edticos de Morena intentaron justificar y validar esa elecci\u00f3n que es una afrenta, es una ofensa para el pueblo de M\u00e9xico el que se manipule en esas condiciones un proceso electoral\u00bb.<\/p>\n\n\n\n<p>Agreg\u00f3 que el PRI recurrir\u00e1, si es necesario, a instancias internacionales para hacer valer los tratados y compromisos suscritos y asumidos por el Estado mexicano, los cuales establecen el derecho de la ciudadan\u00eda a votar en elecciones que garanticen la libre expresi\u00f3n de la voluntad de los electores.<\/p>\n\n\n\n<p>Alejandro Bravo insisti\u00f3 en que \u00abes evidente que la elecci\u00f3n fue demaciado irregular, y por supuesto que hay los suficientes elementos para anular la supuesta elecci\u00f3n, que no fue m\u00e1s que una fiesta de acordeones\u00bb.<\/p>\n","protected":false},"excerpt":{"rendered":"<p>&#8212; Si es necesario se recurrir\u00e1 a instancias internacionales Rosario Garc\u00eda Orozco S\u00ed es posible anular la elecci\u00f3n del Poder Judicial de la Federaci\u00f3n, asegur\u00f3 el dirigente estatal del Partido&hellip; <\/p>\n","protected":false},"author":14,"featured_media":92587,"comment_status":"open","ping_status":"open","sticky":false,"template":"","format":"standard","meta":{"fifu_image_url":"https:\/\/www.interaccionnoticias.com.mx\/wp-content\/uploads\/2025\/06\/250617-Alejandro-Bravo-Abarca.jpg","fifu_image_alt":"","footnotes":""},"categories":[21],"tags":[],"class_list":["post-92584","post","type-post","status-publish","format-standard","has-post-thumbnail","hentry","category-politica"],"_links":{"self":[{"href":"https:\/\/www.interaccionnoticias.com.mx\/index.php?rest_route=\/wp\/v2\/posts\/92584","targetHints":{"allow":["GET"]}}],"collection":[{"href":"https:\/\/www.interaccionnoticias.com.mx\/index.php?rest_route=\/wp\/v2\/posts"}],"about":[{"href":"https:\/\/www.interaccionnoticias.com.mx\/index.php?rest_route=\/wp\/v2\/types\/post"}],"author":[{"embeddable":true,"href":"https:\/\/www.interaccionnoticias.com.mx\/index.php?rest_route=\/wp\/v2\/users\/14"}],"replies":[{"embeddable":true,"href":"https:\/\/www.interaccionnoticias.com.mx\/index.php?rest_route=%2Fwp%2Fv2%2Fcomments&post=92584"}],"version-history":[{"count":1,"href":"https:\/\/www.interaccionnoticias.com.mx\/index.php?rest_route=\/wp\/v2\/posts\/92584\/revisions"}],"predecessor-version":[{"id":92586,"href":"https:\/\/www.interaccionnoticias.com.mx\/index.php?rest_route=\/wp\/v2\/posts\/92584\/revisions\/92586"}],"wp:featuredmedia":[{"embeddable":true,"href":"https:\/\/www.interaccionnoticias.com.mx\/index.php?rest_route=\/wp\/v2\/media\/92587"}],"wp:attachment":[{"href":"https:\/\/www.interaccionnoticias.com.mx\/index.php?rest_route=%2Fwp%2Fv2%2Fmedia&parent=92584"}],"wp:term":[{"taxonomy":"category","embeddable":true,"href":"https:\/\/www.interaccionnoticias.com.mx\/index.php?rest_route=%2Fwp%2Fv2%2Fcategories&post=92584"},{"taxonomy":"post_tag","embeddable":true,"href":"https:\/\/www.interaccionnoticias.com.mx\/index.php?rest_route=%2Fwp%2Fv2%2Ftags&post=92584"}],"curies":[{"name":"wp","href":"https:\/\/api.w.org\/{rel}","templated":true}]}}