{"id":92580,"date":"2025-06-17T10:14:00","date_gmt":"2025-06-17T16:14:00","guid":{"rendered":"https:\/\/www.interaccionnoticias.com.mx\/?p=92580"},"modified":"2025-06-17T13:08:23","modified_gmt":"2025-06-17T19:08:23","slug":"erick-podria-tocar-tierra-como-huracan-categoria-ll-el-jueves-proteccion-civil-guerrero","status":"publish","type":"post","link":"https:\/\/www.interaccionnoticias.com.mx\/?p=92580","title":{"rendered":"Erick podr\u00eda tocar tierra como hurac\u00e1n categor\u00eda ll el jueves: Protecci\u00f3n Civil Guerrero"},"content":{"rendered":"\n<p><strong><em>&#8212; Erick representa alto riesgo para Guerrero, ya que se prev\u00e9 que contin\u00fae fortaleci\u00e9ndose<\/em><\/strong><\/p>\n\n\n\n<p><strong>Yasm\u00edn Garc\u00eda<\/strong><\/p>\n\n\n\n<p>La tormenta tropical Erick se localiza a 695 kil\u00f3metros al sureste de Punta Maldonado se prev\u00e9 que contin\u00fae fortaleciendose y pudiera tocar tierra la ma\u00f1ana del jueves en la regi\u00f3n de la Costa Chica como hurac\u00e1n categor\u00eda ll o a\u00fan mayor.<\/p>\n\n\n\n<p>De acuerdo al bolet\u00edn metereologico de la Secretar\u00eda de Gesti\u00f3n Integral de Riesgos y Protecci\u00f3n Civil Guerrero, Erick presenta movimiento al oeste-noroeste (300\u00b0) a raz\u00f3n de 19 kil\u00f3metros por hora con vientos m\u00e1ximos sostenidos de 65 kil\u00f3metros por hora y rachas de 85 kil\u00f3metros por hora.<\/p>\n\n\n\n<p>\u00abErick representa alto riesgo para Guerrero, ya que se prev\u00e9 que contin\u00fae fortaleci\u00e9ndose y que pudiera tocar tierra durante la ma\u00f1ana del jueves 19 de junio en la regi\u00f3n Costa Chica de Guerrero como hurac\u00e1n Categor\u00eda (\u00f3 a\u00fan mayor)\u00bb.<\/p>\n\n\n\n<p>El fen\u00f3meno metereologico provocar\u00eda lluvias torrenciales, oleajea de 4 a 5 metros de altura, deslizamientos de laderas e inundaciones, as\u00ed como cortes al suministro el\u00e9ctrico y telecomunicaciones.<\/p>\n\n\n\n<p>Hoy ser\u00e1 un d\u00eda parcialmente nublado por la ma\u00f1ana y nublado por la tarde con probabilidad de lluvia moderada a fuerte por la tarde y noche, esto se debe al ingreso de aire mar\u00edtimo tropical sobre Guerrero impulsado por la tormenta tropical Erick.<\/p>\n\n\n\n<p>As\u00ed como lluvias ligeras, moderadas, y fuertes en las diferentes regiones de Guerrero.<\/p>\n\n\n\n<p>Protecci\u00f3n Civil Guerrero pidi\u00f3 a la poblaci\u00f3n mantenerse informado en canales oficiales y seguir las recomendaciones de las autoridades.<\/p>\n","protected":false},"excerpt":{"rendered":"<p>&#8212; Erick representa alto riesgo para Guerrero, ya que se prev\u00e9 que contin\u00fae fortaleci\u00e9ndose Yasm\u00edn Garc\u00eda La tormenta tropical Erick se localiza a 695 kil\u00f3metros al sureste de Punta Maldonado&hellip; <\/p>\n","protected":false},"author":19,"featured_media":92583,"comment_status":"open","ping_status":"open","sticky":false,"template":"","format":"standard","meta":{"fifu_image_url":"https:\/\/www.interaccionnoticias.com.mx\/wp-content\/uploads\/2025\/06\/250617-tormenta-tropical-Erick.jpg","fifu_image_alt":"","footnotes":""},"categories":[9],"tags":[],"class_list":["post-92580","post","type-post","status-publish","format-standard","has-post-thumbnail","hentry","category-fenomenos-naturales"],"_links":{"self":[{"href":"https:\/\/www.interaccionnoticias.com.mx\/index.php?rest_route=\/wp\/v2\/posts\/92580","targetHints":{"allow":["GET"]}}],"collection":[{"href":"https:\/\/www.interaccionnoticias.com.mx\/index.php?rest_route=\/wp\/v2\/posts"}],"about":[{"href":"https:\/\/www.interaccionnoticias.com.mx\/index.php?rest_route=\/wp\/v2\/types\/post"}],"author":[{"embeddable":true,"href":"https:\/\/www.interaccionnoticias.com.mx\/index.php?rest_route=\/wp\/v2\/users\/19"}],"replies":[{"embeddable":true,"href":"https:\/\/www.interaccionnoticias.com.mx\/index.php?rest_route=%2Fwp%2Fv2%2Fcomments&post=92580"}],"version-history":[{"count":1,"href":"https:\/\/www.interaccionnoticias.com.mx\/index.php?rest_route=\/wp\/v2\/posts\/92580\/revisions"}],"predecessor-version":[{"id":92582,"href":"https:\/\/www.interaccionnoticias.com.mx\/index.php?rest_route=\/wp\/v2\/posts\/92580\/revisions\/92582"}],"wp:featuredmedia":[{"embeddable":true,"href":"https:\/\/www.interaccionnoticias.com.mx\/index.php?rest_route=\/wp\/v2\/media\/92583"}],"wp:attachment":[{"href":"https:\/\/www.interaccionnoticias.com.mx\/index.php?rest_route=%2Fwp%2Fv2%2Fmedia&parent=92580"}],"wp:term":[{"taxonomy":"category","embeddable":true,"href":"https:\/\/www.interaccionnoticias.com.mx\/index.php?rest_route=%2Fwp%2Fv2%2Fcategories&post=92580"},{"taxonomy":"post_tag","embeddable":true,"href":"https:\/\/www.interaccionnoticias.com.mx\/index.php?rest_route=%2Fwp%2Fv2%2Ftags&post=92580"}],"curies":[{"name":"wp","href":"https:\/\/api.w.org\/{rel}","templated":true}]}}