{"id":9258,"date":"2017-10-13T16:18:39","date_gmt":"2017-10-13T21:18:39","guid":{"rendered":"http:\/\/www.inter-accion.com.mx\/?p=9258"},"modified":"2017-10-13T16:18:39","modified_gmt":"2017-10-13T21:18:39","slug":"gobierno-firma-convenios-de-colaboracion-en-beneficio-de-guerrerenses","status":"publish","type":"post","link":"https:\/\/www.interaccionnoticias.com.mx\/?p=9258","title":{"rendered":"Gobierno firma convenios de colaboraci\u00f3n en beneficio de guerrerenses"},"content":{"rendered":"<p><img loading=\"lazy\" decoding=\"async\" src=\"data:image\/gif;base64,R0lGODlhAQABAIAAAAAAAP\/\/\/ywAAAAAAQABAAACAUwAOw==\" fifu-lazy=\"1\" fifu-data-sizes=\"auto\" fifu-data-srcset=\"https:\/\/i0.wp.com\/www.inter-accion.com.mx\/wp-content\/uploads\/2017\/10\/22366326_531618437182775_1631628395386145138_n.jpg?ssl=1&w=75&resize=75&ssl=1 75w, https:\/\/i0.wp.com\/www.inter-accion.com.mx\/wp-content\/uploads\/2017\/10\/22366326_531618437182775_1631628395386145138_n.jpg?ssl=1&w=100&resize=100&ssl=1 100w, https:\/\/i0.wp.com\/www.inter-accion.com.mx\/wp-content\/uploads\/2017\/10\/22366326_531618437182775_1631628395386145138_n.jpg?ssl=1&w=150&resize=150&ssl=1 150w, https:\/\/i0.wp.com\/www.inter-accion.com.mx\/wp-content\/uploads\/2017\/10\/22366326_531618437182775_1631628395386145138_n.jpg?ssl=1&w=240&resize=240&ssl=1 240w, https:\/\/i0.wp.com\/www.inter-accion.com.mx\/wp-content\/uploads\/2017\/10\/22366326_531618437182775_1631628395386145138_n.jpg?ssl=1&w=320&resize=320&ssl=1 320w, https:\/\/i0.wp.com\/www.inter-accion.com.mx\/wp-content\/uploads\/2017\/10\/22366326_531618437182775_1631628395386145138_n.jpg?ssl=1&w=500&resize=500&ssl=1 500w, https:\/\/i0.wp.com\/www.inter-accion.com.mx\/wp-content\/uploads\/2017\/10\/22366326_531618437182775_1631628395386145138_n.jpg?ssl=1&w=640&resize=640&ssl=1 640w, https:\/\/i0.wp.com\/www.inter-accion.com.mx\/wp-content\/uploads\/2017\/10\/22366326_531618437182775_1631628395386145138_n.jpg?ssl=1&w=800&resize=800&ssl=1 800w, https:\/\/i0.wp.com\/www.inter-accion.com.mx\/wp-content\/uploads\/2017\/10\/22366326_531618437182775_1631628395386145138_n.jpg?ssl=1&w=1024&resize=1024&ssl=1 1024w, https:\/\/i0.wp.com\/www.inter-accion.com.mx\/wp-content\/uploads\/2017\/10\/22366326_531618437182775_1631628395386145138_n.jpg?ssl=1&w=1280&resize=1280&ssl=1 1280w, https:\/\/i0.wp.com\/www.inter-accion.com.mx\/wp-content\/uploads\/2017\/10\/22366326_531618437182775_1631628395386145138_n.jpg?ssl=1&w=1600&resize=1600&ssl=1 1600w\" class=\"alignnone size-full wp-image-9260\" fifu-data-src=\"https:\/\/i0.wp.com\/www.inter-accion.com.mx\/wp-content\/uploads\/2017\/10\/22366326_531618437182775_1631628395386145138_n.jpg?ssl=1\" alt=\"\" width=\"908\" height=\"768\">El Secretario General de Gobierno, Florencio Salazar Adame, firm\u00f3 convenios de colaboraci\u00f3n con la Universidad Hip\u00f3crates, representada por la rectora, Marisol Manzanares Nava y con la Secretar\u00eda de Desarrollo Social (SEDESOL), representada por el Delegado Federal, Armando Soto D\u00edaz.<br \/>\nEl convenio firmado con la Universidad Hip\u00f3crates es en materia de servicio social y pr\u00e1cticas profesionales y el acuerdo con SEDESOL, es de colaboraci\u00f3n para el intercambio de informaci\u00f3n en materia de registro civil, para conocer sobre defunciones de adultos mayores de 65 a\u00f1os con el fin de mantener actualizado el patr\u00f3n de beneficiarios.<br \/>\nEl Secretario General de Gobierno, dijo que el convenio realizado es \u00fatil para brindar mayor certidumbre para la aplicaci\u00f3n de pol\u00edticas p\u00fablicas que tienen que ver con la disminuci\u00f3n de pobreza y crear mejores condiciones de vida para los guerrerenses.<br \/>\nPor su parte, la rectora Manzanares Nava &nbsp;dijo sentirse agradecida por la oportunidad que brinda la Secretar\u00eda General de Gobierno y el Delegado Federal, reconoci\u00f3 al Gobierno del Estado por impulsar la transparencia de las pol\u00edticas p\u00fablicas y agradeci\u00f3 el trato firmado.<br \/>\nLa coordinadora del Registro Civil, Mar\u00eda In\u00e9s Huerta Pegueros, hizo una presentaci\u00f3n a los dos a\u00f1os de esta administraci\u00f3n de los avances y resultados en materia registral, en donde se ha llevado 13 programas sociales, distribuido en todo el Estado.<br \/>\nA este convenio asisti\u00f3 el Subsecretario de Gobierno para Asuntos Jur\u00eddicos y Derechos Humanos, Jorge Zuriel de los Santos Barrila y la Subsecretaria de Coordinaci\u00f3n, Enlace y Atenci\u00f3n a Organizaciones Sociales, Mar\u00eda Adela de la O.<\/p>\n","protected":false},"excerpt":{"rendered":"<p>El Secretario General de Gobierno, Florencio Salazar Adame, firm\u00f3 convenios de colaboraci\u00f3n con la Universidad Hip\u00f3crates, representada por la rectora, Marisol Manzanares Nava y con la Secretar\u00eda de Desarrollo Social&hellip; <\/p>\n","protected":false},"author":1,"featured_media":0,"comment_status":"closed","ping_status":"closed","sticky":false,"template":"","format":"standard","meta":{"fifu_image_url":"","fifu_image_alt":"","footnotes":""},"categories":[8,11],"tags":[],"class_list":["post-9258","post","type-post","status-publish","format-standard","hentry","category-featured","category-guerrero"],"_links":{"self":[{"href":"https:\/\/www.interaccionnoticias.com.mx\/index.php?rest_route=\/wp\/v2\/posts\/9258","targetHints":{"allow":["GET"]}}],"collection":[{"href":"https:\/\/www.interaccionnoticias.com.mx\/index.php?rest_route=\/wp\/v2\/posts"}],"about":[{"href":"https:\/\/www.interaccionnoticias.com.mx\/index.php?rest_route=\/wp\/v2\/types\/post"}],"author":[{"embeddable":true,"href":"https:\/\/www.interaccionnoticias.com.mx\/index.php?rest_route=\/wp\/v2\/users\/1"}],"replies":[{"embeddable":true,"href":"https:\/\/www.interaccionnoticias.com.mx\/index.php?rest_route=%2Fwp%2Fv2%2Fcomments&post=9258"}],"version-history":[{"count":0,"href":"https:\/\/www.interaccionnoticias.com.mx\/index.php?rest_route=\/wp\/v2\/posts\/9258\/revisions"}],"wp:attachment":[{"href":"https:\/\/www.interaccionnoticias.com.mx\/index.php?rest_route=%2Fwp%2Fv2%2Fmedia&parent=9258"}],"wp:term":[{"taxonomy":"category","embeddable":true,"href":"https:\/\/www.interaccionnoticias.com.mx\/index.php?rest_route=%2Fwp%2Fv2%2Fcategories&post=9258"},{"taxonomy":"post_tag","embeddable":true,"href":"https:\/\/www.interaccionnoticias.com.mx\/index.php?rest_route=%2Fwp%2Fv2%2Ftags&post=9258"}],"curies":[{"name":"wp","href":"https:\/\/api.w.org\/{rel}","templated":true}]}}