{"id":92503,"date":"2025-06-15T16:16:13","date_gmt":"2025-06-15T22:16:13","guid":{"rendered":"https:\/\/www.interaccionnoticias.com.mx\/?p=92503"},"modified":"2025-06-15T16:16:15","modified_gmt":"2025-06-15T22:16:15","slug":"colapsa-paso-provisional-en-omitlan-del-municipio-juan-r-escudero","status":"publish","type":"post","link":"https:\/\/www.interaccionnoticias.com.mx\/?p=92503","title":{"rendered":"Colapsa paso provisional en Omitl\u00e1n del municipio Juan R Escudero"},"content":{"rendered":"\n<p><em><strong>&#8212; Ese puente conectaba a Tierra Colorada con los municipios de San Marcos, Florencio Villarreal y Tecoanapa<\/strong><\/em><\/p>\n\n\n\n<p><strong>Rosario Garc\u00eda Orozco<\/strong><\/p>\n\n\n\n<p>Las fuertes lluvias ocasionadas por la Tormenta Tropical Dalila, provocaron el colapso total del puente provisional del R\u00edo Omiltemi, que comunicaba a Tierra Colorada, municipio de Juan R. Escudero con San Marcos, Florencio Villarreal y Tecoanapa de la zona de la Costa Chica de Guerrero.<\/p>\n\n\n\n<p>La tarde-noche de ayer s\u00e1bado, a trav\u00e9s de la p\u00e1gina oficial del ayuntamiento de Juan R. Escudero se inform\u00f3 del colapso del puente provisional en Tierra Colorada.<\/p>\n\n\n\n<p>Por la tarde de este s\u00e1bado, el ayuntamiento municipal de Juan R Escudero inform\u00f3 a trav\u00e9s de su p\u00e1gina oficial que debido a la afluencia del agua en el r\u00edo queda suspendido el paso vehicular.<\/p>\n\n\n\n<p>M\u00e1s tarde en videos que circularon en redes sociales se dio a conocer el colapso del puente provisional de Omiltemi se evidenci\u00f3 que ya no hab\u00eda paso por la ca\u00edda del puente.<\/p>\n\n\n\n<p>El presidente municipal, Oscar S\u00e1nchez Luna en publicaciones en Facebook precis\u00f3 que \u00ablos trabajos del otro puente provisional siguen en marcha para tener acceso hacia las comunidades de la Zona Sur y municipios de la Costa Chica\u00bb.<\/p>\n\n\n\n<p>Las autoridades municipales de ese lugar, tambi\u00e9n subieron v\u00eddeos a Facebook en los que se observa una parte del puente colapsado que fue habilitado el 1 de marzo, debido a que el puente original se derrumb\u00f3 tras el paso del hurac\u00e1n John en septiembre del 2024.<\/p>\n","protected":false},"excerpt":{"rendered":"<p>&#8212; Ese puente conectaba a Tierra Colorada con los municipios de San Marcos, Florencio Villarreal y Tecoanapa Rosario Garc\u00eda Orozco Las fuertes lluvias ocasionadas por la Tormenta Tropical Dalila, provocaron&hellip; <\/p>\n","protected":false},"author":14,"featured_media":92506,"comment_status":"open","ping_status":"open","sticky":false,"template":"","format":"standard","meta":{"fifu_image_url":"https:\/\/www.interaccionnoticias.com.mx\/wp-content\/uploads\/2025\/06\/250615-Colapsa-Omitlan.jpg","fifu_image_alt":"","footnotes":""},"categories":[23],"tags":[],"class_list":["post-92503","post","type-post","status-publish","format-standard","has-post-thumbnail","hentry","category-regionales"],"_links":{"self":[{"href":"https:\/\/www.interaccionnoticias.com.mx\/index.php?rest_route=\/wp\/v2\/posts\/92503","targetHints":{"allow":["GET"]}}],"collection":[{"href":"https:\/\/www.interaccionnoticias.com.mx\/index.php?rest_route=\/wp\/v2\/posts"}],"about":[{"href":"https:\/\/www.interaccionnoticias.com.mx\/index.php?rest_route=\/wp\/v2\/types\/post"}],"author":[{"embeddable":true,"href":"https:\/\/www.interaccionnoticias.com.mx\/index.php?rest_route=\/wp\/v2\/users\/14"}],"replies":[{"embeddable":true,"href":"https:\/\/www.interaccionnoticias.com.mx\/index.php?rest_route=%2Fwp%2Fv2%2Fcomments&post=92503"}],"version-history":[{"count":1,"href":"https:\/\/www.interaccionnoticias.com.mx\/index.php?rest_route=\/wp\/v2\/posts\/92503\/revisions"}],"predecessor-version":[{"id":92505,"href":"https:\/\/www.interaccionnoticias.com.mx\/index.php?rest_route=\/wp\/v2\/posts\/92503\/revisions\/92505"}],"wp:featuredmedia":[{"embeddable":true,"href":"https:\/\/www.interaccionnoticias.com.mx\/index.php?rest_route=\/wp\/v2\/media\/92506"}],"wp:attachment":[{"href":"https:\/\/www.interaccionnoticias.com.mx\/index.php?rest_route=%2Fwp%2Fv2%2Fmedia&parent=92503"}],"wp:term":[{"taxonomy":"category","embeddable":true,"href":"https:\/\/www.interaccionnoticias.com.mx\/index.php?rest_route=%2Fwp%2Fv2%2Fcategories&post=92503"},{"taxonomy":"post_tag","embeddable":true,"href":"https:\/\/www.interaccionnoticias.com.mx\/index.php?rest_route=%2Fwp%2Fv2%2Ftags&post=92503"}],"curies":[{"name":"wp","href":"https:\/\/api.w.org\/{rel}","templated":true}]}}