{"id":92499,"date":"2025-06-15T16:12:07","date_gmt":"2025-06-15T22:12:07","guid":{"rendered":"https:\/\/www.interaccionnoticias.com.mx\/?p=92499"},"modified":"2025-06-15T16:12:08","modified_gmt":"2025-06-15T22:12:08","slug":"urgen-leyes-secundarias-sobre-asignacion-de-recursos-y-representacion-de-pueblos-originarios-y-afromexicanos","status":"publish","type":"post","link":"https:\/\/www.interaccionnoticias.com.mx\/?p=92499","title":{"rendered":"Urgen leyes secundarias sobre asignaci\u00f3n de recursos y representaci\u00f3n de pueblos originarios y afromexicanos"},"content":{"rendered":"\n<p><em><strong>&#8212; El secretario para el Desarrollo de los Pueblos Ind\u00edgenas y Afromexicanos, Abel Bruno Arriaga consider\u00f3 que el Congreso Local debe avanzar en ese tema<\/strong><\/em><\/p>\n\n\n\n<p><strong>Rosario Garc\u00eda Orozco<\/strong><\/p>\n\n\n\n<p>El secretario para el Desarrollo de los Pueblos Ind\u00edgenas y Afromexicanos (Sedepia), Abel Bruno Arriaga, consider\u00f3 urgente que el Congreso del Estado avance con las leyes secundarias tras la armonizaci\u00f3n del Art\u00edculo Segundo de la Constituci\u00f3n Pol\u00edtica de los Estados Unidos Mexicanos, en torno a los derechos de esos sectores de la poblaci\u00f3n.<\/p>\n\n\n\n<p>Mencion\u00f3 que se requiere contar con las leyes secundarias, para hacer efectivo lo que se\u00f1ala el Art\u00edculo Segundo respecto a un presupuesto que pueden manejar los pueblos ind\u00edgenas y afromexicanos, \u00abque ya se aplica desde el gobierno federal, pero la reforma deja de tarea a los estados tambi\u00e9n destinar un recurso para ese sector poblacional, lo que tiene que reglamentar el Congreso Local en leyes secundarias\u00bb.<\/p>\n\n\n\n<p>Agreg\u00f3 que tambi\u00e9n est\u00e1 pendiente reglamentar la representaci\u00f3n pol\u00edtica de los pueblos ind\u00edgenas y afromexicanos en los ayuntamientos, \u00abtenemos 39 municipios ind\u00edgenas y 6 afros, en los que debe existir representaci\u00f3n de hombres y mujeres ind\u00edgenas y afromexicanos seg\u00fan corresponda, pero que no son regidores, sino que de momento son s\u00f3lo representantes\u00bb.<\/p>\n\n\n\n<p>Por lo que se requiere que el Congreso Local avance en las leyes secundarias que determine esas representaciones pol\u00edticas en los cabildos, \u00abde tal manera que en los ayuntamientos haya voces ind\u00edgenas y afros que velen por los intereses de esos sectores\u00bb.<\/p>\n\n\n\n<p>Mencion\u00f3 que s\u00ed se han reunido con los diputados locales, pero s\u00f3lo para la armonizacion del art\u00edculo segundo de la Constituci\u00f3n Pol\u00edtica de los Estados Unidos Mexicanos, por lo que conf\u00edo en que pueda haber pronto encuentros con los legisladores y dar inicio al proceso de las Leyes Secundarias, \u00abforma parte de los pendientes que tenemos para trabajar de manera colectiva con el IEPC, el INPI, Congreso del Estado y Sedepia\u00bb.<\/p>\n","protected":false},"excerpt":{"rendered":"<p>&#8212; El secretario para el Desarrollo de los Pueblos Ind\u00edgenas y Afromexicanos, Abel Bruno Arriaga consider\u00f3 que el Congreso Local debe avanzar en ese tema Rosario Garc\u00eda Orozco El secretario&hellip; <\/p>\n","protected":false},"author":14,"featured_media":92502,"comment_status":"open","ping_status":"open","sticky":false,"template":"","format":"standard","meta":{"fifu_image_url":"https:\/\/www.interaccionnoticias.com.mx\/wp-content\/uploads\/2025\/06\/250615-Abel-Bruno-Arriaga.jpg","fifu_image_alt":"","footnotes":""},"categories":[11],"tags":[],"class_list":["post-92499","post","type-post","status-publish","format-standard","has-post-thumbnail","hentry","category-guerrero"],"_links":{"self":[{"href":"https:\/\/www.interaccionnoticias.com.mx\/index.php?rest_route=\/wp\/v2\/posts\/92499","targetHints":{"allow":["GET"]}}],"collection":[{"href":"https:\/\/www.interaccionnoticias.com.mx\/index.php?rest_route=\/wp\/v2\/posts"}],"about":[{"href":"https:\/\/www.interaccionnoticias.com.mx\/index.php?rest_route=\/wp\/v2\/types\/post"}],"author":[{"embeddable":true,"href":"https:\/\/www.interaccionnoticias.com.mx\/index.php?rest_route=\/wp\/v2\/users\/14"}],"replies":[{"embeddable":true,"href":"https:\/\/www.interaccionnoticias.com.mx\/index.php?rest_route=%2Fwp%2Fv2%2Fcomments&post=92499"}],"version-history":[{"count":1,"href":"https:\/\/www.interaccionnoticias.com.mx\/index.php?rest_route=\/wp\/v2\/posts\/92499\/revisions"}],"predecessor-version":[{"id":92501,"href":"https:\/\/www.interaccionnoticias.com.mx\/index.php?rest_route=\/wp\/v2\/posts\/92499\/revisions\/92501"}],"wp:featuredmedia":[{"embeddable":true,"href":"https:\/\/www.interaccionnoticias.com.mx\/index.php?rest_route=\/wp\/v2\/media\/92502"}],"wp:attachment":[{"href":"https:\/\/www.interaccionnoticias.com.mx\/index.php?rest_route=%2Fwp%2Fv2%2Fmedia&parent=92499"}],"wp:term":[{"taxonomy":"category","embeddable":true,"href":"https:\/\/www.interaccionnoticias.com.mx\/index.php?rest_route=%2Fwp%2Fv2%2Fcategories&post=92499"},{"taxonomy":"post_tag","embeddable":true,"href":"https:\/\/www.interaccionnoticias.com.mx\/index.php?rest_route=%2Fwp%2Fv2%2Ftags&post=92499"}],"curies":[{"name":"wp","href":"https:\/\/api.w.org\/{rel}","templated":true}]}}