{"id":92490,"date":"2025-06-15T15:58:20","date_gmt":"2025-06-15T21:58:20","guid":{"rendered":"https:\/\/www.interaccionnoticias.com.mx\/?p=92490"},"modified":"2025-06-15T15:58:21","modified_gmt":"2025-06-15T21:58:21","slug":"ejecutan-a-chofer-choca-y-deja-seis-lesionados","status":"publish","type":"post","link":"https:\/\/www.interaccionnoticias.com.mx\/?p=92490","title":{"rendered":"Ejecutan a chofer, choca y deja seis lesionados"},"content":{"rendered":"\n<p><strong><em>&#8212; Familiares de la v\u00edctima se llevan en cad\u00e1ver a su domicilio<br>&#8212; Cuatro pasajeros y dos polic\u00edas quedan heridos<br>&#8212; Tambi\u00e9n le prenden fuego a un taxi y disparan 15 veces<\/em><\/strong><\/p>\n\n\n\n<p><strong>Javier Trujillo<\/strong><\/p>\n\n\n\n<p><strong>Acapulco, Gro. &#8211; <\/strong>El chofer de una camioneta de pasajeros Urvan, fue asesinado a balazos en la calzada Pie de la Cuesta, provocando que chocara contra otros dos veh\u00edculos, dejando seis lesionados, entre ellos dos polic\u00edas estatales.<\/p>\n\n\n\n<p>Adem\u00e1s, en la avenida Rancho Acapulco, un taxi del servicio p\u00fablico, blanco con azul fue incendiado por sujetos armados dentro de un domicilio, sin que se reporten heridos o fallecidos por ese ataque. Adem\u00e1s dispararon en m\u00e1s de 15 ocasiones con un arma de grueso calibre.<\/p>\n\n\n\n<p>Con relaci\u00f3n a los cuatro pasajeros lesionados fueron atendidos y trasladados la Cruz Roja se llev\u00f3 dos de los pasajeros, mientras que personal de bomberos traslad\u00f3 a otros dos heridos a hospitales del puerto.<\/p>\n\n\n\n<p>Mientras que en el caso de dos efectivos de la Polic\u00eda Estatal, se trasladaron por sus propios medios<\/p>\n\n\n\n<p>Se inform\u00f3 que los agresores viajaban como pasajeros a bordo de la camioneta del servicio p\u00fablico, y cuando se pararon le dispararon al chofer en la cabeza y cuerpo en m\u00e1s de dos ocasiones.<\/p>\n\n\n\n<p>Tras la muerte instant\u00e1nea del chofer de la unidad del Servicio P\u00fablico de la ruta Centro Pedregoso, perdi\u00f3 el control e impact\u00f3 contra una patrulla de la Polic\u00eda Estatal, quien a su vez se proyect\u00f3 contra otro veh\u00edculo.<\/p>\n\n\n\n<p>En seguida los pasajeros se bajaron de la unidad, y cuatro quedaron en calidad de heridos, igual que dos polic\u00edas estatales que resultaron lesionados tras ser impactados por la camioneta Urvan.<\/p>\n\n\n\n<p>Cabe mencionar que los familiares del chofer asesinado, llegaron hasta la escena del crimen y sacaron el cad\u00e1ver de la unidad y se lo llevaron a su domicilio a bordo de otro veh\u00edculo.<\/p>\n\n\n\n<p>Junto a la llanta trasera de la camioneta Urvan, con n\u00famero econ\u00f3mico 3921, que cubre la ruta Centro-Pedregoso, qued\u00f3 la pistola de los presuntos asesinos del trabajador del volante.<\/p>\n\n\n\n<p>Adem\u00e1s resultaron afectados por el choque la unidad de la Polic\u00eda Estatal con n\u00famero econ\u00f3mico 627, que se proyectaron contra el veh\u00edculo de la marca Nissan tipo March blanco con placas de circulaci\u00f3n GZR-367-H del estado de Guerrero, y se presume que un taxi tambi\u00e9n fue impactado, pero se fue por sus propios medios.<\/p>\n\n\n\n<figure class=\"wp-block-video\"><video height=\"1280\" style=\"aspect-ratio: 720 \/ 1280;\" width=\"720\" controls src=\"https:\/\/www.interaccionnoticias.com.mx\/wp-content\/uploads\/2025\/06\/250615-Ejecutan-Acapulco.mp4\"><\/video><\/figure>\n","protected":false},"excerpt":{"rendered":"<p>&#8212; Familiares de la v\u00edctima se llevan en cad\u00e1ver a su domicilio&#8212; Cuatro pasajeros y dos polic\u00edas quedan heridos&#8212; Tambi\u00e9n le prenden fuego a un taxi y disparan 15 veces&hellip; <\/p>\n","protected":false},"author":3,"featured_media":92494,"comment_status":"open","ping_status":"open","sticky":false,"template":"","format":"standard","meta":{"fifu_image_url":"https:\/\/www.interaccionnoticias.com.mx\/wp-content\/uploads\/2025\/06\/250615-Ejecutan.jpg","fifu_image_alt":"","footnotes":""},"categories":[27],"tags":[],"class_list":["post-92490","post","type-post","status-publish","format-standard","has-post-thumbnail","hentry","category-seguridad-publica"],"_links":{"self":[{"href":"https:\/\/www.interaccionnoticias.com.mx\/index.php?rest_route=\/wp\/v2\/posts\/92490","targetHints":{"allow":["GET"]}}],"collection":[{"href":"https:\/\/www.interaccionnoticias.com.mx\/index.php?rest_route=\/wp\/v2\/posts"}],"about":[{"href":"https:\/\/www.interaccionnoticias.com.mx\/index.php?rest_route=\/wp\/v2\/types\/post"}],"author":[{"embeddable":true,"href":"https:\/\/www.interaccionnoticias.com.mx\/index.php?rest_route=\/wp\/v2\/users\/3"}],"replies":[{"embeddable":true,"href":"https:\/\/www.interaccionnoticias.com.mx\/index.php?rest_route=%2Fwp%2Fv2%2Fcomments&post=92490"}],"version-history":[{"count":1,"href":"https:\/\/www.interaccionnoticias.com.mx\/index.php?rest_route=\/wp\/v2\/posts\/92490\/revisions"}],"predecessor-version":[{"id":92493,"href":"https:\/\/www.interaccionnoticias.com.mx\/index.php?rest_route=\/wp\/v2\/posts\/92490\/revisions\/92493"}],"wp:featuredmedia":[{"embeddable":true,"href":"https:\/\/www.interaccionnoticias.com.mx\/index.php?rest_route=\/wp\/v2\/media\/92494"}],"wp:attachment":[{"href":"https:\/\/www.interaccionnoticias.com.mx\/index.php?rest_route=%2Fwp%2Fv2%2Fmedia&parent=92490"}],"wp:term":[{"taxonomy":"category","embeddable":true,"href":"https:\/\/www.interaccionnoticias.com.mx\/index.php?rest_route=%2Fwp%2Fv2%2Fcategories&post=92490"},{"taxonomy":"post_tag","embeddable":true,"href":"https:\/\/www.interaccionnoticias.com.mx\/index.php?rest_route=%2Fwp%2Fv2%2Ftags&post=92490"}],"curies":[{"name":"wp","href":"https:\/\/api.w.org\/{rel}","templated":true}]}}