{"id":9248,"date":"2017-10-13T14:24:14","date_gmt":"2017-10-13T19:24:14","guid":{"rendered":"http:\/\/www.inter-accion.com.mx\/?p=9248"},"modified":"2017-10-13T14:24:14","modified_gmt":"2017-10-13T19:24:14","slug":"entregan-medalla-al-merito-civil-a-hector-el-chino-mendez-en-guerrero","status":"publish","type":"post","link":"https:\/\/www.interaccionnoticias.com.mx\/?p=9248","title":{"rendered":"Entregan Medalla al M\u00e9rito Civil a H\u00e9ctor &quot;El Chino&quot; M\u00e9ndez en Guerrero"},"content":{"rendered":"<p><strong>Se trata de el topo que naci\u00f3 en el temblor del 19 de septiembre de 1985<\/strong><br \/>\n<strong>Zumpango, Gro.,<\/strong>&#8211; Este viernes fue entregada la Presea del M\u00e9rito Civil \u201cEduardo Neri\u201d al fundador de la Brigada Internacional de Rescate Tlatelolco Azteca A.C., H\u00e9ctor \u00abEl Chino\u00bb M\u00e9ndez, en Guerrero por su labor altruista como topo dentro de los desastres naturales que han afectado a M\u00e9xico desde 1985 y a otros pa\u00edses, realizando los \u00faltimos rescates durante el sismo del pasado 19 de septiembre.<br \/>\nLa presea fue entregada a \u201cEl Chino\u201d en su natal Zumpango, cabeceradel municipio de Eduardo Neri, en un sencillo homenaje al que acudieron cerca de 200 personas entre familiares y conocidos, tres de sus compa\u00f1eros topos los acompa\u00f1aron en el pres\u00eddium.<br \/>\nEl presidente municipal Pablo Higuera Fuentes fue encargado de entregar el reconocimiento, el cual fue aprobado por decisi\u00f3n un\u00e1nime de cabildo en fechas pasadas con el fin de reconocer la labor rescatista durante 32 a\u00f1os ininterrumpidos.<br \/>\nH\u00e9ctor M\u00e9ndez asegur\u00f3 sentirse contento y sorprendido ante la respuesta de la juventud durante el pasado sismo del 19 de septiembre, quienes demostraron no ser una generaci\u00f3n perdida, destac\u00f3 que su labor como topos sigue activa en el pa\u00eds hasta el momento con 300 miembros en la Ciudad de M\u00e9xico y Morelos.<br \/>\n\u201cLo que me sorprendi\u00f3 much\u00edsimo fue esa gran ola de energ\u00eda positiva, de amor, de solidaridad de los j\u00f3venes, en el 85 fue lo mismo pero ahora se volcaron\u201d.<br \/>\nLos Topos se han convertido en una de las brigadas a nivel internacional que no desisten hasta recuperar el \u00faltimo cuerpo de entre los escombros, cuando se registra alguna contingencia.<\/p>\n","protected":false},"excerpt":{"rendered":"<p>Se trata de el topo que naci\u00f3 en el temblor del 19 de septiembre de 1985 Zumpango, Gro.,&#8211; Este viernes fue entregada la Presea del M\u00e9rito Civil \u201cEduardo Neri\u201d al&hellip; <\/p>\n","protected":false},"author":1,"featured_media":0,"comment_status":"closed","ping_status":"closed","sticky":false,"template":"","format":"standard","meta":{"fifu_image_url":"","fifu_image_alt":"","footnotes":""},"categories":[8,23],"tags":[],"class_list":["post-9248","post","type-post","status-publish","format-standard","hentry","category-featured","category-regionales"],"_links":{"self":[{"href":"https:\/\/www.interaccionnoticias.com.mx\/index.php?rest_route=\/wp\/v2\/posts\/9248","targetHints":{"allow":["GET"]}}],"collection":[{"href":"https:\/\/www.interaccionnoticias.com.mx\/index.php?rest_route=\/wp\/v2\/posts"}],"about":[{"href":"https:\/\/www.interaccionnoticias.com.mx\/index.php?rest_route=\/wp\/v2\/types\/post"}],"author":[{"embeddable":true,"href":"https:\/\/www.interaccionnoticias.com.mx\/index.php?rest_route=\/wp\/v2\/users\/1"}],"replies":[{"embeddable":true,"href":"https:\/\/www.interaccionnoticias.com.mx\/index.php?rest_route=%2Fwp%2Fv2%2Fcomments&post=9248"}],"version-history":[{"count":0,"href":"https:\/\/www.interaccionnoticias.com.mx\/index.php?rest_route=\/wp\/v2\/posts\/9248\/revisions"}],"wp:attachment":[{"href":"https:\/\/www.interaccionnoticias.com.mx\/index.php?rest_route=%2Fwp%2Fv2%2Fmedia&parent=9248"}],"wp:term":[{"taxonomy":"category","embeddable":true,"href":"https:\/\/www.interaccionnoticias.com.mx\/index.php?rest_route=%2Fwp%2Fv2%2Fcategories&post=9248"},{"taxonomy":"post_tag","embeddable":true,"href":"https:\/\/www.interaccionnoticias.com.mx\/index.php?rest_route=%2Fwp%2Fv2%2Ftags&post=9248"}],"curies":[{"name":"wp","href":"https:\/\/api.w.org\/{rel}","templated":true}]}}