{"id":9241,"date":"2017-10-13T13:45:56","date_gmt":"2017-10-13T18:45:56","guid":{"rendered":"http:\/\/www.inter-accion.com.mx\/?p=9241"},"modified":"2017-10-13T13:45:56","modified_gmt":"2017-10-13T18:45:56","slug":"bloqueo-parcial-en-la-autopista-del-sol","status":"publish","type":"post","link":"https:\/\/www.interaccionnoticias.com.mx\/?p=9241","title":{"rendered":"Bloqueo parcial en la Autopista del Sol"},"content":{"rendered":"<p><strong><img loading=\"lazy\" decoding=\"async\" src=\"data:image\/gif;base64,R0lGODlhAQABAIAAAAAAAP\/\/\/ywAAAAAAQABAAACAUwAOw==\" fifu-lazy=\"1\" fifu-data-sizes=\"auto\" fifu-data-srcset=\"https:\/\/i1.wp.com\/www.inter-accion.com.mx\/wp-content\/uploads\/2017\/10\/IMG-20171013-WA0057.jpg?ssl=1&w=75&resize=75&ssl=1 75w, https:\/\/i1.wp.com\/www.inter-accion.com.mx\/wp-content\/uploads\/2017\/10\/IMG-20171013-WA0057.jpg?ssl=1&w=100&resize=100&ssl=1 100w, https:\/\/i1.wp.com\/www.inter-accion.com.mx\/wp-content\/uploads\/2017\/10\/IMG-20171013-WA0057.jpg?ssl=1&w=150&resize=150&ssl=1 150w, https:\/\/i1.wp.com\/www.inter-accion.com.mx\/wp-content\/uploads\/2017\/10\/IMG-20171013-WA0057.jpg?ssl=1&w=240&resize=240&ssl=1 240w, https:\/\/i1.wp.com\/www.inter-accion.com.mx\/wp-content\/uploads\/2017\/10\/IMG-20171013-WA0057.jpg?ssl=1&w=320&resize=320&ssl=1 320w, https:\/\/i1.wp.com\/www.inter-accion.com.mx\/wp-content\/uploads\/2017\/10\/IMG-20171013-WA0057.jpg?ssl=1&w=500&resize=500&ssl=1 500w, https:\/\/i1.wp.com\/www.inter-accion.com.mx\/wp-content\/uploads\/2017\/10\/IMG-20171013-WA0057.jpg?ssl=1&w=640&resize=640&ssl=1 640w, https:\/\/i1.wp.com\/www.inter-accion.com.mx\/wp-content\/uploads\/2017\/10\/IMG-20171013-WA0057.jpg?ssl=1&w=800&resize=800&ssl=1 800w, https:\/\/i1.wp.com\/www.inter-accion.com.mx\/wp-content\/uploads\/2017\/10\/IMG-20171013-WA0057.jpg?ssl=1&w=1024&resize=1024&ssl=1 1024w, https:\/\/i1.wp.com\/www.inter-accion.com.mx\/wp-content\/uploads\/2017\/10\/IMG-20171013-WA0057.jpg?ssl=1&w=1280&resize=1280&ssl=1 1280w, https:\/\/i1.wp.com\/www.inter-accion.com.mx\/wp-content\/uploads\/2017\/10\/IMG-20171013-WA0057.jpg?ssl=1&w=1600&resize=1600&ssl=1 1600w\" class=\"alignnone size-full wp-image-9243\" fifu-data-src=\"https:\/\/i1.wp.com\/www.inter-accion.com.mx\/wp-content\/uploads\/2017\/10\/IMG-20171013-WA0057.jpg?ssl=1\" alt=\"\" width=\"1040\" height=\"780\">Acapulco, Gro.-<\/strong> M\u00e1s de 200 alumnos, padres de familia y maestros tomaron la caseta en la Autopista del Sol en La Venta, exigen maestros, personal de intendencia y administrativo para 12 escuelas de la zona escolar 44 de Acapulco.<br \/>\nLos manifestantes cerraron las siete garitas de peaje y se apostaron con cartulinas impidiendo el paso de los veh\u00edculos en ambos sentidos de la v\u00eda de cuota.<br \/>\n\u00abLos ni\u00f1os somos el futuro de M\u00e9xico y queremos educaci\u00f3n de calidad\u00bb, \u00abNo queremos maestros de contrato\u00bb, \u00abEscuela Primaria General Francisco Villa, de El Metlapil\u00bb, se lee en cartulinas que tienen ni\u00f1os y padres de familia.<br \/>\n\u00abLa protesta es por falta de maestros, llevamos a\u00f1os pidiendo maestros, y pues el secretario (de Educaci\u00f3n) Jos\u00e9 Luis Gonz\u00e1lez de la Vega, mand\u00f3 maestros pero de contrato se termin\u00f3 el contrato y se fueron.<br \/>\n\u00abAdem\u00e1s hace falta el personal de&nbsp; intendencia y administrativo y los padres de familia est\u00e1n furiosos porque los han estado enga\u00f1ando\u00bb, reproch\u00f3 el representante de los padres de familia Vicente Resendiz Alarc\u00f3n.<br \/>\nLuego de m\u00e1s de media hora los manifestantes accedieron a liberar el paso de una de las casetas de peaje por donde transitaron los veh\u00edculos y diez minutos despu\u00e9s cerraron y as\u00ed lo hacen de manera intermitente.<\/p>\n","protected":false},"excerpt":{"rendered":"<p>Acapulco, Gro.- M\u00e1s de 200 alumnos, padres de familia y maestros tomaron la caseta en la Autopista del Sol en La Venta, exigen maestros, personal de intendencia y administrativo para&hellip; <\/p>\n","protected":false},"author":1,"featured_media":0,"comment_status":"closed","ping_status":"closed","sticky":false,"template":"","format":"standard","meta":{"fifu_image_url":"","fifu_image_alt":"","footnotes":""},"categories":[8,23],"tags":[],"class_list":["post-9241","post","type-post","status-publish","format-standard","hentry","category-featured","category-regionales"],"_links":{"self":[{"href":"https:\/\/www.interaccionnoticias.com.mx\/index.php?rest_route=\/wp\/v2\/posts\/9241","targetHints":{"allow":["GET"]}}],"collection":[{"href":"https:\/\/www.interaccionnoticias.com.mx\/index.php?rest_route=\/wp\/v2\/posts"}],"about":[{"href":"https:\/\/www.interaccionnoticias.com.mx\/index.php?rest_route=\/wp\/v2\/types\/post"}],"author":[{"embeddable":true,"href":"https:\/\/www.interaccionnoticias.com.mx\/index.php?rest_route=\/wp\/v2\/users\/1"}],"replies":[{"embeddable":true,"href":"https:\/\/www.interaccionnoticias.com.mx\/index.php?rest_route=%2Fwp%2Fv2%2Fcomments&post=9241"}],"version-history":[{"count":0,"href":"https:\/\/www.interaccionnoticias.com.mx\/index.php?rest_route=\/wp\/v2\/posts\/9241\/revisions"}],"wp:attachment":[{"href":"https:\/\/www.interaccionnoticias.com.mx\/index.php?rest_route=%2Fwp%2Fv2%2Fmedia&parent=9241"}],"wp:term":[{"taxonomy":"category","embeddable":true,"href":"https:\/\/www.interaccionnoticias.com.mx\/index.php?rest_route=%2Fwp%2Fv2%2Fcategories&post=9241"},{"taxonomy":"post_tag","embeddable":true,"href":"https:\/\/www.interaccionnoticias.com.mx\/index.php?rest_route=%2Fwp%2Fv2%2Ftags&post=9241"}],"curies":[{"name":"wp","href":"https:\/\/api.w.org\/{rel}","templated":true}]}}