{"id":92400,"date":"2025-06-12T16:54:54","date_gmt":"2025-06-12T22:54:54","guid":{"rendered":"https:\/\/www.interaccionnoticias.com.mx\/?p=92400"},"modified":"2025-06-12T16:54:55","modified_gmt":"2025-06-12T22:54:55","slug":"rinde-protesta-la-mesa-directiva-del-congreso-local-del-segundo-ano-de-ejercicio","status":"publish","type":"post","link":"https:\/\/www.interaccionnoticias.com.mx\/?p=92400","title":{"rendered":"Rinde protesta la Mesa Directiva del Congreso local del segundo a\u00f1o de ejercicio"},"content":{"rendered":"\n<p><em><strong>Entrar\u00e1 en funciones el 1 de septiembre de este a\u00f1o y concluir\u00e1 el 31 de agosto del 2026<\/strong><\/em><\/p>\n\n\n\n<p><strong>Yasm\u00edn Garc\u00eda<\/strong><\/p>\n\n\n\n<p>Diputados locales que integrar\u00e1n la Mesa Directiva que coordinar\u00e1 los trabajos legislativos del segundo a\u00f1o de ejercicio constitucional de la 64 Legislatura del Poder Legislativo rindieron protesta ante el pleno.<\/p>\n\n\n\n<p>El diputado local por el Partido Verde Ecologista de M\u00e9xico (PVEM), Alejandro Carabias Icaza es el presidente de la Mesa Directiva, la primera Vicepresidenta es la diputada por Morena Glafira Meraza Prudente, la segunda Vicepresidenta es la diputada pri\u00edsta, Ma del Pilar Vadillo Ruiz.<\/p>\n\n\n\n<p>Mientras que los secretarios propietarios son: la diputada Catalina Apolinar Santiago (Morena), el diputado Jorge Iv\u00e1n Ortega Jim\u00e9nez (PRD), como secretarios suplentes, Ana Lilia Botello Figueroa (Morena) y la diputada Erika Lorena L\u00fcrhs Cort\u00e9s (MC).<\/p>\n\n\n\n<p>La Mesa Directiva entrar\u00e1 en funciones el pr\u00f3ximo 1 de septiembre de este a\u00f1o al 31 de agosto del 2026.<\/p>\n\n\n\n<p>El diputado Jes\u00fas Parra Garc\u00eda actual presidente de la Mesa Directiva del Congreso local, rindi\u00f3 su informe ante el pleno, de los trabajos legislativos del Segundo Periodo de Sesiones Ordinarias Correspondiente al Primer A\u00f1o de Ejercicio Constitucional de la 64 Legislatura.<\/p>\n\n\n\n<p>Parra Garc\u00eda agradeci\u00f3 a sus compa\u00f1eros diputados y diputadas por permitirle hacer un trabajo con oficio pol\u00edtico y destac\u00f3 que logr\u00f3 leg\u00edtimar al Congreso poniendo orden.<\/p>\n\n\n\n<p>Adem\u00e1s de que mantuvo una coordinaci\u00f3n con el Poder Ejecutivo y Judicial.<\/p>\n\n\n\n<p>\u00abGuardamos una prudente y sana relaci\u00f3n con los Poderes Ejecutivo y Judicial, con respeto y cordialidad, jam\u00e1s de sumisi\u00f3n o subordinaci\u00f3n\u00bb.<\/p>\n\n\n\n<p>El periodo del legislador como presidente de la Mesa Directiva concluye el 31 de agosto de este a\u00f1o.<\/p>\n","protected":false},"excerpt":{"rendered":"<p>Entrar\u00e1 en funciones el 1 de septiembre de este a\u00f1o y concluir\u00e1 el 31 de agosto del 2026 Yasm\u00edn Garc\u00eda Diputados locales que integrar\u00e1n la Mesa Directiva que coordinar\u00e1 los&hellip; <\/p>\n","protected":false},"author":32,"featured_media":92403,"comment_status":"open","ping_status":"open","sticky":false,"template":"","format":"standard","meta":{"fifu_image_url":"https:\/\/www.interaccionnoticias.com.mx\/wp-content\/uploads\/2025\/06\/250612-Mesa-Directiva.jpg","fifu_image_alt":"","footnotes":""},"categories":[2],"tags":[],"class_list":["post-92400","post","type-post","status-publish","format-standard","has-post-thumbnail","hentry","category-congreso"],"_links":{"self":[{"href":"https:\/\/www.interaccionnoticias.com.mx\/index.php?rest_route=\/wp\/v2\/posts\/92400","targetHints":{"allow":["GET"]}}],"collection":[{"href":"https:\/\/www.interaccionnoticias.com.mx\/index.php?rest_route=\/wp\/v2\/posts"}],"about":[{"href":"https:\/\/www.interaccionnoticias.com.mx\/index.php?rest_route=\/wp\/v2\/types\/post"}],"author":[{"embeddable":true,"href":"https:\/\/www.interaccionnoticias.com.mx\/index.php?rest_route=\/wp\/v2\/users\/32"}],"replies":[{"embeddable":true,"href":"https:\/\/www.interaccionnoticias.com.mx\/index.php?rest_route=%2Fwp%2Fv2%2Fcomments&post=92400"}],"version-history":[{"count":1,"href":"https:\/\/www.interaccionnoticias.com.mx\/index.php?rest_route=\/wp\/v2\/posts\/92400\/revisions"}],"predecessor-version":[{"id":92402,"href":"https:\/\/www.interaccionnoticias.com.mx\/index.php?rest_route=\/wp\/v2\/posts\/92400\/revisions\/92402"}],"wp:featuredmedia":[{"embeddable":true,"href":"https:\/\/www.interaccionnoticias.com.mx\/index.php?rest_route=\/wp\/v2\/media\/92403"}],"wp:attachment":[{"href":"https:\/\/www.interaccionnoticias.com.mx\/index.php?rest_route=%2Fwp%2Fv2%2Fmedia&parent=92400"}],"wp:term":[{"taxonomy":"category","embeddable":true,"href":"https:\/\/www.interaccionnoticias.com.mx\/index.php?rest_route=%2Fwp%2Fv2%2Fcategories&post=92400"},{"taxonomy":"post_tag","embeddable":true,"href":"https:\/\/www.interaccionnoticias.com.mx\/index.php?rest_route=%2Fwp%2Fv2%2Ftags&post=92400"}],"curies":[{"name":"wp","href":"https:\/\/api.w.org\/{rel}","templated":true}]}}