{"id":92396,"date":"2025-06-12T15:39:03","date_gmt":"2025-06-12T21:39:03","guid":{"rendered":"https:\/\/www.interaccionnoticias.com.mx\/?p=92396"},"modified":"2025-06-12T15:39:05","modified_gmt":"2025-06-12T21:39:05","slug":"nuevo-alcalde-de-metlatonoc-declina-la-posibilidad-de-solicitar-medidas-de-proteccion","status":"publish","type":"post","link":"https:\/\/www.interaccionnoticias.com.mx\/?p=92396","title":{"rendered":"Nuevo alcalde de Metlat\u00f3noc declina la posibilidad de solicitar medidas de protecci\u00f3n"},"content":{"rendered":"\n<p><strong><em>&#8212; Marv\u00edn Rojas Ram\u00edrez sostiene que lo sucedido a su hermano \u201cfue un accidente\u201d<br>&#8212; El subsecretario de Gobierno, Francisco Rodr\u00edguez Cisneros en su momento habl\u00f3 de un intento de asalto<\/em><\/strong><\/p>\n\n\n\n<p><strong>Rogelio Agust\u00edn<\/strong><\/p>\n\n\n\n<p>El presidente municipal de Metlat\u00f3noc, Marvin Rojas Ram\u00edrez desestim\u00f3 la posibilidad de solicitar medidas de protecci\u00f3n especial, pues asumi\u00f3 que su hermano, el alcalde atacado a balazos en la autopista del sol fue victima de \u201cun accidente\u201d.<\/p>\n\n\n\n<p>Luego de rendir la protesta de rigor ante el pleno del Congreso, Rojas Ram\u00edrez sostuvo que lo que el Congreso local hizo este jueves 12 de junio, fue darle el car\u00e1cter legal a una decisi\u00f3n que ya hab\u00edan asumido los pueblos de Metlat\u00f3noc, en la reuni\u00f3n que se desarroll\u00f3 el 10 de junio.<\/p>\n\n\n\n<p>Anticip\u00f3 que muchas de las acciones iniciadas por su hermao Isa\u00edas van a continuar, entre ellas, el hecho de que su esposa permanezca al frente del DIF, pues conoce muchas de las acciones que se emprendieron en la etapa incial de la administraci\u00f3n.<\/p>\n\n\n\n<p>Reconoci\u00f3 que solicitar\u00eda acompa\u00f1amiento policial, pero esto solamente ser\u00eda para el traslado de Chilpancingo hacia Metlat\u00f3noc, ya estando en su municipio, ser\u00eda la propia gente la que le dar\u00eda el resguardo.<\/p>\n\n\n\n<p>De antemano, dijo que est\u00e1 confiado y que no teme ning\u00fan tipo de protecci\u00f3n, pues sostiene que su hermano siempre fue un hombre apreciado por los pueblos y respetuoso.<\/p>\n\n\n\n<p>De las circunstancias que provocaron, indic\u00f3 de manera muy escueta: \u201cEso fue un accidente, nada mas\u201d.<\/p>\n\n\n\n<p>La jornada del 28 de mayo, el subsecretario de Desarrollo Pol\u00edtico de la Secretar\u00eda General de Gobierno, Francisco Rodr\u00edguez Cisneros indic\u00f3 que el presidente municipal, Isa\u00edas Rojas Ram\u00edrez hab\u00eda sido herido en un intento de asalto, versi\u00f3n que la coordinadora del PT, Leticia Mosso Hern\u00e1ndez cuestion\u00f3, por lo que solicit\u00f3 una investigaci\u00f3n a fondo de parte de la Fiscal\u00eda General del Estado (FGE).<\/p>\n\n\n\n<p>Este jueves, el nuevo presidente municipal y hermano del alcalde asesinado, declin\u00f3 la posibilidad de solicitar medidas cautelares y desestim\u00f3 la posibilidad de ester en una posici\u00f3n de riesgo.<\/p>\n","protected":false},"excerpt":{"rendered":"<p>&#8212; Marv\u00edn Rojas Ram\u00edrez sostiene que lo sucedido a su hermano \u201cfue un accidente\u201d&#8212; El subsecretario de Gobierno, Francisco Rodr\u00edguez Cisneros en su momento habl\u00f3 de un intento de asalto&hellip; <\/p>\n","protected":false},"author":21,"featured_media":92399,"comment_status":"open","ping_status":"open","sticky":false,"template":"","format":"standard","meta":{"fifu_image_url":"https:\/\/www.interaccionnoticias.com.mx\/wp-content\/uploads\/2025\/06\/250612-Marvin-Rojas-Ramirez.jpg","fifu_image_alt":"","footnotes":""},"categories":[21],"tags":[],"class_list":["post-92396","post","type-post","status-publish","format-standard","has-post-thumbnail","hentry","category-politica"],"_links":{"self":[{"href":"https:\/\/www.interaccionnoticias.com.mx\/index.php?rest_route=\/wp\/v2\/posts\/92396","targetHints":{"allow":["GET"]}}],"collection":[{"href":"https:\/\/www.interaccionnoticias.com.mx\/index.php?rest_route=\/wp\/v2\/posts"}],"about":[{"href":"https:\/\/www.interaccionnoticias.com.mx\/index.php?rest_route=\/wp\/v2\/types\/post"}],"author":[{"embeddable":true,"href":"https:\/\/www.interaccionnoticias.com.mx\/index.php?rest_route=\/wp\/v2\/users\/21"}],"replies":[{"embeddable":true,"href":"https:\/\/www.interaccionnoticias.com.mx\/index.php?rest_route=%2Fwp%2Fv2%2Fcomments&post=92396"}],"version-history":[{"count":1,"href":"https:\/\/www.interaccionnoticias.com.mx\/index.php?rest_route=\/wp\/v2\/posts\/92396\/revisions"}],"predecessor-version":[{"id":92398,"href":"https:\/\/www.interaccionnoticias.com.mx\/index.php?rest_route=\/wp\/v2\/posts\/92396\/revisions\/92398"}],"wp:featuredmedia":[{"embeddable":true,"href":"https:\/\/www.interaccionnoticias.com.mx\/index.php?rest_route=\/wp\/v2\/media\/92399"}],"wp:attachment":[{"href":"https:\/\/www.interaccionnoticias.com.mx\/index.php?rest_route=%2Fwp%2Fv2%2Fmedia&parent=92396"}],"wp:term":[{"taxonomy":"category","embeddable":true,"href":"https:\/\/www.interaccionnoticias.com.mx\/index.php?rest_route=%2Fwp%2Fv2%2Fcategories&post=92396"},{"taxonomy":"post_tag","embeddable":true,"href":"https:\/\/www.interaccionnoticias.com.mx\/index.php?rest_route=%2Fwp%2Fv2%2Ftags&post=92396"}],"curies":[{"name":"wp","href":"https:\/\/api.w.org\/{rel}","templated":true}]}}