{"id":9229,"date":"2017-10-12T20:06:40","date_gmt":"2017-10-13T01:06:40","guid":{"rendered":"http:\/\/www.inter-accion.com.mx\/?p=9229"},"modified":"2017-10-12T20:06:40","modified_gmt":"2017-10-13T01:06:40","slug":"aunque-este-en-el-fcm-criticas-a-alcalde-de-acapulco-seguiran-mejia","status":"publish","type":"post","link":"https:\/\/www.interaccionnoticias.com.mx\/?p=9229","title":{"rendered":"Aunque est\u00e9 en el FCM, cr\u00edticas a alcalde de Acapulco seguir\u00e1n: Mej\u00eda"},"content":{"rendered":"<p>El aspirante a la alcald\u00eda de Acapulco y actual diputado local, Ricardo Mej\u00eda Berdeja aclar\u00f3 que el hecho de que el partido Movimiento Ciudadano (MC) pertenezca a un frente con el Partido de la Revoluci\u00f3n Democr\u00e1tica (PRD), no evitar\u00e1 que se critique al gobierno municipal de Acapulco, que preside el perredista Evodio Vel\u00e1zquez Aguirre.<br \/>\nEl legislador, que abiertamente ha sido propuesto como candidato al gobierno municipal de Acapulco por el l\u00edder de MC Luis Walt\u00f3n Aburto, pidi\u00f3 que no se confundieran los prop\u00f3sitos del denominado Frente Amplio por M\u00e9xico.<br \/>\n\u201cNo hay que confundir un tema pol\u00edtico, eventualmente electoral, con un tema de rendici\u00f3n de cuentas y de fiscalizaci\u00f3n, nosotros vamos a seguir con temas que tengan que ver con la impunidad, corrupci\u00f3n y mal manejo administrativo, independientemente de los colores partidistas\u201d puntualiz\u00f3.<br \/>\nMej\u00eda Berdeja inici\u00f3 las cr\u00edticas contra Vel\u00e1zquez Aguirre, desde que este \u00faltimo asumi\u00f3 la presidencia municipal de Acapulco en 2015, en temas espec\u00edficos como seguridad, certificaci\u00f3n policial y temas financieros.<br \/>\nEl d\u00eda que MC, PRD y Partido Acci\u00f3n Nacional (PAN) hicieron p\u00fablica su participaci\u00f3n en el Frente Ciudadano por M\u00e9xico, los reporteros preguntaron a los dirigentes partidistas que pasar\u00eda con las cr\u00edticas del legislador hac\u00eda el alcalde porte\u00f1o, pero en ese momento dieron por concluida la conferencia de prensa.<br \/>\nHasta el momento, ni el PRD ni MC han dado a conocer una postura sobre los acuerdos que compartir\u00e1n con el PAN, despu\u00e9s de conformarse en un frente.<br \/>\n\u201cTodas las cr\u00edticas son documentadas, no es un asunto de querer atacar a alguien\u2026 no personalizamos las cosas\u201d, reiter\u00f3 Ricardo Mej\u00eda, coordinador de los diputados de MC en el Congreso del Estado.<br \/>\n&nbsp;<\/p>\n","protected":false},"excerpt":{"rendered":"<p>El aspirante a la alcald\u00eda de Acapulco y actual diputado local, Ricardo Mej\u00eda Berdeja aclar\u00f3 que el hecho de que el partido Movimiento Ciudadano (MC) pertenezca a un frente con&hellip; <\/p>\n","protected":false},"author":1,"featured_media":0,"comment_status":"closed","ping_status":"closed","sticky":false,"template":"","format":"standard","meta":{"fifu_image_url":"","fifu_image_alt":"","footnotes":""},"categories":[8,18],"tags":[],"class_list":["post-9229","post","type-post","status-publish","format-standard","hentry","category-featured","category-partidos-politicos"],"_links":{"self":[{"href":"https:\/\/www.interaccionnoticias.com.mx\/index.php?rest_route=\/wp\/v2\/posts\/9229","targetHints":{"allow":["GET"]}}],"collection":[{"href":"https:\/\/www.interaccionnoticias.com.mx\/index.php?rest_route=\/wp\/v2\/posts"}],"about":[{"href":"https:\/\/www.interaccionnoticias.com.mx\/index.php?rest_route=\/wp\/v2\/types\/post"}],"author":[{"embeddable":true,"href":"https:\/\/www.interaccionnoticias.com.mx\/index.php?rest_route=\/wp\/v2\/users\/1"}],"replies":[{"embeddable":true,"href":"https:\/\/www.interaccionnoticias.com.mx\/index.php?rest_route=%2Fwp%2Fv2%2Fcomments&post=9229"}],"version-history":[{"count":0,"href":"https:\/\/www.interaccionnoticias.com.mx\/index.php?rest_route=\/wp\/v2\/posts\/9229\/revisions"}],"wp:attachment":[{"href":"https:\/\/www.interaccionnoticias.com.mx\/index.php?rest_route=%2Fwp%2Fv2%2Fmedia&parent=9229"}],"wp:term":[{"taxonomy":"category","embeddable":true,"href":"https:\/\/www.interaccionnoticias.com.mx\/index.php?rest_route=%2Fwp%2Fv2%2Fcategories&post=9229"},{"taxonomy":"post_tag","embeddable":true,"href":"https:\/\/www.interaccionnoticias.com.mx\/index.php?rest_route=%2Fwp%2Fv2%2Ftags&post=9229"}],"curies":[{"name":"wp","href":"https:\/\/api.w.org\/{rel}","templated":true}]}}