{"id":9226,"date":"2017-10-12T20:01:58","date_gmt":"2017-10-13T01:01:58","guid":{"rendered":"http:\/\/www.inter-accion.com.mx\/?p=9226"},"modified":"2017-10-12T20:01:58","modified_gmt":"2017-10-13T01:01:58","slug":"desconocen-feministas-si-funciona-protocolo-alba-para-busqueda-de-mujeres","status":"publish","type":"post","link":"https:\/\/www.interaccionnoticias.com.mx\/?p=9226","title":{"rendered":"Desconocen feministas si funciona Protocolo Alba para b\u00fasqueda de mujeres"},"content":{"rendered":"<p>La peticionaria de la Alerta de Violencia de G\u00e9nero (AVG) para 8 municipios de Guerrero, Marina Reyna Aguilar se\u00f1al\u00f3 que es incierto el funcionamiento del Protocolo Alba, un mecanismo para la localizaci\u00f3n de mujeres con reporte de extrav\u00edo.<br \/>\nEl Protocolo Alba fue puesto en marcha en julio del a\u00f1o pasado, despu\u00e9s de que el gobernador H\u00e9ctor Astudillo Flores tomara protesta al comit\u00e9 t\u00e9cnico interinstitucional para la implementaci\u00f3n del mecanismo.<br \/>\nEse instrumento es paralelo a la Alerta Amber y solo se basa en enfocar la b\u00fasqueda inmediata de ni\u00f1as, mujeres adolescentes y adultas.<br \/>\nSin embargo, casi un a\u00f1o y medio despu\u00e9s de su instalaci\u00f3n, organizaciones como la Asociaci\u00f3n Guerrerense Contra la Violencia a las Mujeres (AGCVM), desconoce el m\u00e9todo en que funciona.<br \/>\nEl mi\u00e9rcoles, conmocion\u00f3 en redes sociales la b\u00fasqueda de dos familias por localizar a Alejandra Manzanares Hern\u00e1ndez y F\u00e1tima Rodr\u00edguez Sandoval, ambas desaparecidas el mismo d\u00eda.<br \/>\nLa directora del AGCVM, Marina Reyna Aguilar se\u00f1al\u00f3 que como asociaci\u00f3n realizan un conteo diario de notas period\u00edsticas de casos de desaparici\u00f3n y feminicidios a nivel estatal, sin embargo, puntualiz\u00f3 que el aspecto de extrav\u00edo de personas&nbsp; recibe poca cobertura de los medios de comunicaci\u00f3n.<br \/>\nEn lo que va del a\u00f1o, la AGCVM ha contabilizado alrededor de 15 desapariciones de mujeres, y medio centenar de feminicidios en el primer semestre del a\u00f1o.<br \/>\nReyna Aguilar, mencion\u00f3 que en Guerrero no se ha implementado el programa para dar cumplimiento la AVG, toda vez que la autoridad estatal con la federal, se encuentran en proceso de autorizaci\u00f3n del programa.<br \/>\n&nbsp;<\/p>\n","protected":false},"excerpt":{"rendered":"<p>La peticionaria de la Alerta de Violencia de G\u00e9nero (AVG) para 8 municipios de Guerrero, Marina Reyna Aguilar se\u00f1al\u00f3 que es incierto el funcionamiento del Protocolo Alba, un mecanismo para&hellip; <\/p>\n","protected":false},"author":1,"featured_media":0,"comment_status":"closed","ping_status":"closed","sticky":false,"template":"","format":"standard","meta":{"fifu_image_url":"","fifu_image_alt":"","footnotes":""},"categories":[8,15],"tags":[],"class_list":["post-9226","post","type-post","status-publish","format-standard","hentry","category-featured","category-movimientos-sociales"],"_links":{"self":[{"href":"https:\/\/www.interaccionnoticias.com.mx\/index.php?rest_route=\/wp\/v2\/posts\/9226","targetHints":{"allow":["GET"]}}],"collection":[{"href":"https:\/\/www.interaccionnoticias.com.mx\/index.php?rest_route=\/wp\/v2\/posts"}],"about":[{"href":"https:\/\/www.interaccionnoticias.com.mx\/index.php?rest_route=\/wp\/v2\/types\/post"}],"author":[{"embeddable":true,"href":"https:\/\/www.interaccionnoticias.com.mx\/index.php?rest_route=\/wp\/v2\/users\/1"}],"replies":[{"embeddable":true,"href":"https:\/\/www.interaccionnoticias.com.mx\/index.php?rest_route=%2Fwp%2Fv2%2Fcomments&post=9226"}],"version-history":[{"count":0,"href":"https:\/\/www.interaccionnoticias.com.mx\/index.php?rest_route=\/wp\/v2\/posts\/9226\/revisions"}],"wp:attachment":[{"href":"https:\/\/www.interaccionnoticias.com.mx\/index.php?rest_route=%2Fwp%2Fv2%2Fmedia&parent=9226"}],"wp:term":[{"taxonomy":"category","embeddable":true,"href":"https:\/\/www.interaccionnoticias.com.mx\/index.php?rest_route=%2Fwp%2Fv2%2Fcategories&post=9226"},{"taxonomy":"post_tag","embeddable":true,"href":"https:\/\/www.interaccionnoticias.com.mx\/index.php?rest_route=%2Fwp%2Fv2%2Ftags&post=9226"}],"curies":[{"name":"wp","href":"https:\/\/api.w.org\/{rel}","templated":true}]}}