{"id":92246,"date":"2025-06-11T09:29:00","date_gmt":"2025-06-11T15:29:00","guid":{"rendered":"https:\/\/www.interaccionnoticias.com.mx\/?p=92246"},"modified":"2025-06-11T10:50:10","modified_gmt":"2025-06-11T16:50:10","slug":"en-la-frontera-detienen-a-hombre-y-mujer-por-la-desaparicion-y-asesinato-de-estudiante-de-iguala","status":"publish","type":"post","link":"https:\/\/www.interaccionnoticias.com.mx\/?p=92246","title":{"rendered":"En la frontera, detienen a hombre y mujer por la desaparici\u00f3n y asesinato de estudiante de Iguala"},"content":{"rendered":"\n<p><strong><em>&#8212; La v\u00edctima, C\u00e9sar \u201cN\u201d de 19 a\u00f1os de edad era estudiante del Instituto Tecnol\u00f3gico de Iguala<\/em><\/strong><\/p>\n\n\n\n<p><strong>Jes\u00fas Dorantes<\/strong><\/p>\n\n\n\n<p><strong>Chilpancingo, Gro.- <\/strong>La Fiscal\u00eda General del Estado de Guerrero (FGE) confirm\u00f3 la ejecuci\u00f3n de una orden de aprehensi\u00f3n en contra de Donaciano \u201cN\u201d y Stefan\u00eda \u201cN\u201d, por su presunta responsabilidad en el delito de desaparici\u00f3n de persona cometida por particulares, en agravio de C\u00e9sar \u201cN\u201d, un joven de 19 a\u00f1os y estudiante del Instituto Tecnol\u00f3gico de Iguala.<\/p>\n\n\n\n<p>Ambos fueron detenidos el pasado 9 de junio en el municipio de Ensenada, Baja California, tras ser ubicados mediante labores de inteligencia e investigaci\u00f3n ministerial.<\/p>\n\n\n\n<p>La acci\u00f3n, de acuerdo con la FGE, se logr\u00f3 a partir de la coordinaci\u00f3n entre la FGE Guerrero, la Secretar\u00eda de la Defensa Nacional, Guardia Nacional, la Secretar\u00eda de Seguridad y Protecci\u00f3n Ciudadana, la Secretar\u00eda de Seguridad P\u00fablica del Estado y la Fiscal\u00eda de Baja California.<\/p>\n\n\n\n<p>De acuerdo con las investigaciones, los hechos ocurrieron el 2 de junio, fecha en que el estudiante fue reportado como desaparecido, lo que activ\u00f3 una carpeta de investigaci\u00f3n y una alerta de b\u00fasqueda.<\/p>\n\n\n\n<p>Tras varios d\u00edas de b\u00fasqueda, la v\u00edctima fue localizada sin vida en la localidad de Loma de los Coyotes.<\/p>\n\n\n\n<p>Donaciano \u201cN\u201d y Stefan\u00eda \u201cN\u201d fueron trasladados a Guerrero y ser\u00e1n presentados ante un Juez de Control, quien definir\u00e1 su situaci\u00f3n jur\u00eddica en las pr\u00f3ximas horas.<\/p>\n","protected":false},"excerpt":{"rendered":"<p>&#8212; La v\u00edctima, C\u00e9sar \u201cN\u201d de 19 a\u00f1os de edad era estudiante del Instituto Tecnol\u00f3gico de Iguala Jes\u00fas Dorantes Chilpancingo, Gro.- La Fiscal\u00eda General del Estado de Guerrero (FGE) confirm\u00f3&hellip; <\/p>\n","protected":false},"author":8,"featured_media":92249,"comment_status":"open","ping_status":"open","sticky":false,"template":"","format":"standard","meta":{"fifu_image_url":"https:\/\/www.interaccionnoticias.com.mx\/wp-content\/uploads\/2025\/06\/250611-desaparicion-y-asesinato.jpg","fifu_image_alt":"","footnotes":""},"categories":[27],"tags":[],"class_list":["post-92246","post","type-post","status-publish","format-standard","has-post-thumbnail","hentry","category-seguridad-publica"],"_links":{"self":[{"href":"https:\/\/www.interaccionnoticias.com.mx\/index.php?rest_route=\/wp\/v2\/posts\/92246","targetHints":{"allow":["GET"]}}],"collection":[{"href":"https:\/\/www.interaccionnoticias.com.mx\/index.php?rest_route=\/wp\/v2\/posts"}],"about":[{"href":"https:\/\/www.interaccionnoticias.com.mx\/index.php?rest_route=\/wp\/v2\/types\/post"}],"author":[{"embeddable":true,"href":"https:\/\/www.interaccionnoticias.com.mx\/index.php?rest_route=\/wp\/v2\/users\/8"}],"replies":[{"embeddable":true,"href":"https:\/\/www.interaccionnoticias.com.mx\/index.php?rest_route=%2Fwp%2Fv2%2Fcomments&post=92246"}],"version-history":[{"count":1,"href":"https:\/\/www.interaccionnoticias.com.mx\/index.php?rest_route=\/wp\/v2\/posts\/92246\/revisions"}],"predecessor-version":[{"id":92248,"href":"https:\/\/www.interaccionnoticias.com.mx\/index.php?rest_route=\/wp\/v2\/posts\/92246\/revisions\/92248"}],"wp:featuredmedia":[{"embeddable":true,"href":"https:\/\/www.interaccionnoticias.com.mx\/index.php?rest_route=\/wp\/v2\/media\/92249"}],"wp:attachment":[{"href":"https:\/\/www.interaccionnoticias.com.mx\/index.php?rest_route=%2Fwp%2Fv2%2Fmedia&parent=92246"}],"wp:term":[{"taxonomy":"category","embeddable":true,"href":"https:\/\/www.interaccionnoticias.com.mx\/index.php?rest_route=%2Fwp%2Fv2%2Fcategories&post=92246"},{"taxonomy":"post_tag","embeddable":true,"href":"https:\/\/www.interaccionnoticias.com.mx\/index.php?rest_route=%2Fwp%2Fv2%2Ftags&post=92246"}],"curies":[{"name":"wp","href":"https:\/\/api.w.org\/{rel}","templated":true}]}}