{"id":9223,"date":"2017-10-12T19:59:17","date_gmt":"2017-10-13T00:59:17","guid":{"rendered":"http:\/\/www.inter-accion.com.mx\/?p=9223"},"modified":"2017-10-12T19:59:17","modified_gmt":"2017-10-13T00:59:17","slug":"dirigencia-del-prd-debe-continuar-hasta-el-2018-alcaraz","status":"publish","type":"post","link":"https:\/\/www.interaccionnoticias.com.mx\/?p=9223","title":{"rendered":"Dirigencia del PRD debe continuar hasta el 2018: Alcaraz"},"content":{"rendered":"<p>La coordinadora de los diputados del Partido de la Revoluci\u00f3n Democr\u00e1tica (PRD) en el Congreso del Estado, Erika Alcaraz Sosa se pronunci\u00f3 a favor de que la actual dirigencia perredista se reestructure pero hasta despu\u00e9s de las elecciones del 2018.<br \/>\nLa legisladora explic\u00f3 que los estatutos del partido, establecen que la reestructuraci\u00f3n del Comit\u00e9 Ejecutivo Estatal (CEE) debe ser cada 3 a\u00f1os, y para la actual dirigencia presidida por Celestino Ces\u00e1reo Guzm\u00e1n, solo le resta un mes, pues el plazo culmina el pr\u00f3ximo 16 de noviembre.<br \/>\nSin embargo, especific\u00f3 que al ser postergada la emisi\u00f3n de una nueva convocatoria para la elecci\u00f3n de los \u00f3rganos internos de direcci\u00f3n por el Consejo General del PRD, cabr\u00eda la posibilidad de que la renovaci\u00f3n del CEE se pueda realizar el siguiente mes, pero de manera interina en lo que concluye el proceso electoral y se emite una nueva convocatoria.&nbsp;<br \/>\nAlcaraz Sosa, explic\u00f3 que en los mismos estatus se\u00f1alan que aquellos militantes que tengan intenci\u00f3n de buscar una candidatura, deber\u00e1n separarse del cargo definitivamente, incluso del CEE.<br \/>\nComent\u00f3 que entre quienes conforman el grupo parlamentario del PRD, tambi\u00e9n se ha discutido la posibilidad de una modificaci\u00f3n a la estructura del partido del sol azteca, sin embargo, a\u00fan no hay un solo acuerdo de c\u00f3mo podr\u00eda ser el proceso.<br \/>\n\u201cLo m\u00e1s correcto es que este comit\u00e9 quedara\u2026 se prolongara, pero en caso de que no sea as\u00ed, pues tendr\u00e1 que renovarse\u201d, puntualiz\u00f3.<br \/>\nEl lunes, un d\u00eda despu\u00e9s de que el PRD, Movimiento Ciudadano y Partido Acci\u00f3n Nacional presentaron el llamado Frente Ciudadano por M\u00e9xico a nivel local, la corriente interna perredista Grupo Guerrero, propuso al ex diputado local Ramiro Alonso de Jes\u00fas como sucesor de Ces\u00e1reo Guzm\u00e1n en la presidencia del partido.<br \/>\n&nbsp;<\/p>\n","protected":false},"excerpt":{"rendered":"<p>La coordinadora de los diputados del Partido de la Revoluci\u00f3n Democr\u00e1tica (PRD) en el Congreso del Estado, Erika Alcaraz Sosa se pronunci\u00f3 a favor de que la actual dirigencia perredista&hellip; <\/p>\n","protected":false},"author":1,"featured_media":0,"comment_status":"closed","ping_status":"closed","sticky":false,"template":"","format":"standard","meta":{"fifu_image_url":"","fifu_image_alt":"","footnotes":""},"categories":[8,18],"tags":[],"class_list":["post-9223","post","type-post","status-publish","format-standard","hentry","category-featured","category-partidos-politicos"],"_links":{"self":[{"href":"https:\/\/www.interaccionnoticias.com.mx\/index.php?rest_route=\/wp\/v2\/posts\/9223","targetHints":{"allow":["GET"]}}],"collection":[{"href":"https:\/\/www.interaccionnoticias.com.mx\/index.php?rest_route=\/wp\/v2\/posts"}],"about":[{"href":"https:\/\/www.interaccionnoticias.com.mx\/index.php?rest_route=\/wp\/v2\/types\/post"}],"author":[{"embeddable":true,"href":"https:\/\/www.interaccionnoticias.com.mx\/index.php?rest_route=\/wp\/v2\/users\/1"}],"replies":[{"embeddable":true,"href":"https:\/\/www.interaccionnoticias.com.mx\/index.php?rest_route=%2Fwp%2Fv2%2Fcomments&post=9223"}],"version-history":[{"count":0,"href":"https:\/\/www.interaccionnoticias.com.mx\/index.php?rest_route=\/wp\/v2\/posts\/9223\/revisions"}],"wp:attachment":[{"href":"https:\/\/www.interaccionnoticias.com.mx\/index.php?rest_route=%2Fwp%2Fv2%2Fmedia&parent=9223"}],"wp:term":[{"taxonomy":"category","embeddable":true,"href":"https:\/\/www.interaccionnoticias.com.mx\/index.php?rest_route=%2Fwp%2Fv2%2Fcategories&post=9223"},{"taxonomy":"post_tag","embeddable":true,"href":"https:\/\/www.interaccionnoticias.com.mx\/index.php?rest_route=%2Fwp%2Fv2%2Ftags&post=9223"}],"curies":[{"name":"wp","href":"https:\/\/api.w.org\/{rel}","templated":true}]}}