{"id":92229,"date":"2025-06-10T18:07:00","date_gmt":"2025-06-11T00:07:00","guid":{"rendered":"https:\/\/www.interaccionnoticias.com.mx\/?p=92229"},"modified":"2025-06-10T20:15:13","modified_gmt":"2025-06-11T02:15:13","slug":"reportan-casos-del-virus-coxsackie-en-preescolar-de-chilpancingo","status":"publish","type":"post","link":"https:\/\/www.interaccionnoticias.com.mx\/?p=92229","title":{"rendered":"Reportan casos del virus Coxsackie en preescolar de Chilpancingo"},"content":{"rendered":"\n<p><strong><em>&#8212; Tambi\u00e9n se reportaron casos en el preescolar del Colegio Morelos en Chilapa<\/em><\/strong><\/p>\n\n\n\n<p><strong>Yasm\u00edn Garc\u00eda<\/strong><\/p>\n\n\n\n<p>Personal del Jard\u00edn de Ni\u00f1os Rub\u00e9n Mora Guti\u00e9rrez ubicado en la colonia Universitarios al poniente de Chilpancingo report\u00f3 cuatro casos del virus manos, pies y boca el 21 de mayo, por lo que, las clases fueron suspendidas y este lunes personal docente realiz\u00f3 labores de limpieza para reanudar las clases ma\u00f1ana.<\/p>\n\n\n\n<p>El Jard\u00edn de Ni\u00f1os Colegio Morelos en Chilapa, tambi\u00e9n suspendi\u00f3 clases ante el virus manos, pies y boca (Coxsackie) por almenos 5 casos de alumnos de tercer grado a mediados de mayo.<\/p>\n\n\n\n<p>Las clases fueron suspendidas el 2 de junio y reanudaron este lunes, implementando medidas de sanidad como lavado frecuente de manos con jab\u00f3n y agua, evitar contacto cercano con personas infectadas, limpiar y desinfectar superficies y objetos que puedan estar contaminados, evitar compart\u00edr alimentos, bebidas, utensilios y evitar saludar de beso.<\/p>\n\n\n\n<p>En entrevista por tel\u00e9fono, una madre de familia que pidi\u00f3 omitir su nombre, narr\u00f3 que su hija que cursa el tercer grado en el Colegio Morelos comenz\u00f3 a presentar s\u00edntomas como fiebre y tos el 26 de mayo, anteriormente una ni\u00f1a ya hab\u00eda presentado los mismos s\u00edntomas pero los directivos desconoc\u00edan de que se trataba del virus y las clases no fueron suspendidas de inmediato sino hasta el 2 de junio mediante oficio.<\/p>\n\n\n\n<p>La madre de fmailia consider\u00f3 que las clases en el preescolar debieron de suspenderse desde el primer caso.<\/p>\n\n\n\n<p>\u00abEntiendo que desconoc\u00edamos que era el virus Coxsackie pero aunque hubiese sido viruela, a mi me molest\u00f3 que la directora no se tomar\u00e1 la molestia de avisarnos. Por su seguridad y salud, sobre todo porque es sumamente contagiosa\u00bb, reproch\u00f3.<\/p>\n\n\n\n<p>Otras de las medidas del preescolar para evitar la propagaci\u00f3n del virus es la sanitizaci\u00f3n general, as\u00ed como materiales, utensilios de cocina, limpieza y desinfecci\u00f3n de los materiales que se encuentran en los salones de clases.<\/p>\n\n\n\n<p>Los directivos avisaron a los padres de familia mediante grupo de WhatsApp que no van a recibir a alumnos con alg\u00fan s\u00edntoma; erupci\u00f3n cut\u00e1nea con ampollas en boca, manos y pies, p\u00e9rdida de apetito, dolor de cabeza, dolores musculares, tos, gripe escurrimiento nasal y fiebre.<\/p>\n\n\n\n<p>Y los alumnos que asistan a clases deber\u00e1n hacerlo con cubrebocas.<\/p>\n\n\n\n<p>\u00abLes pido por favor platicar con ellos de la importancia de traerlo puesto durante la ma\u00f1ana de trabajo. Si durante la ma\u00f1ana se presenta alg\u00fan peque\u00f1o con alg\u00fan s\u00edntoma se les hablar\u00e1 para que vayan por el o ella\u00bb, dice el mensaje.<\/p>\n\n\n\n<p>Hasta el momento la Secretar\u00eda de Educaci\u00f3n Guerrero (SEG), no ha emitido alg\u00fan comunicado al respeto y la Secretar\u00eda de Salud Guerrero (SSA) solo emiti\u00f3 recomendaciones en su p\u00e1gina de Facebook, como lavarse las manos frecuentemente, evitar el contacto con personas enfermas, desinfectar objetos y superficies, y cuidar especialmente a ni\u00f1as y ni\u00f1os manteniendo higiene en casa, guarder\u00edas y escuelas.<\/p>\n","protected":false},"excerpt":{"rendered":"<p>&#8212; Tambi\u00e9n se reportaron casos en el preescolar del Colegio Morelos en Chilapa Yasm\u00edn Garc\u00eda Personal del Jard\u00edn de Ni\u00f1os Rub\u00e9n Mora Guti\u00e9rrez ubicado en la colonia Universitarios al poniente&hellip; <\/p>\n","protected":false},"author":32,"featured_media":92232,"comment_status":"open","ping_status":"open","sticky":false,"template":"","format":"standard","meta":{"fifu_image_url":"https:\/\/www.interaccionnoticias.com.mx\/wp-content\/uploads\/2025\/06\/250610-Jardin-de-Ninos-Ruben-Mora-Gutierrez.jpg","fifu_image_alt":"","footnotes":""},"categories":[6],"tags":[],"class_list":["post-92229","post","type-post","status-publish","format-standard","has-post-thumbnail","hentry","category-educacion"],"_links":{"self":[{"href":"https:\/\/www.interaccionnoticias.com.mx\/index.php?rest_route=\/wp\/v2\/posts\/92229","targetHints":{"allow":["GET"]}}],"collection":[{"href":"https:\/\/www.interaccionnoticias.com.mx\/index.php?rest_route=\/wp\/v2\/posts"}],"about":[{"href":"https:\/\/www.interaccionnoticias.com.mx\/index.php?rest_route=\/wp\/v2\/types\/post"}],"author":[{"embeddable":true,"href":"https:\/\/www.interaccionnoticias.com.mx\/index.php?rest_route=\/wp\/v2\/users\/32"}],"replies":[{"embeddable":true,"href":"https:\/\/www.interaccionnoticias.com.mx\/index.php?rest_route=%2Fwp%2Fv2%2Fcomments&post=92229"}],"version-history":[{"count":1,"href":"https:\/\/www.interaccionnoticias.com.mx\/index.php?rest_route=\/wp\/v2\/posts\/92229\/revisions"}],"predecessor-version":[{"id":92231,"href":"https:\/\/www.interaccionnoticias.com.mx\/index.php?rest_route=\/wp\/v2\/posts\/92229\/revisions\/92231"}],"wp:featuredmedia":[{"embeddable":true,"href":"https:\/\/www.interaccionnoticias.com.mx\/index.php?rest_route=\/wp\/v2\/media\/92232"}],"wp:attachment":[{"href":"https:\/\/www.interaccionnoticias.com.mx\/index.php?rest_route=%2Fwp%2Fv2%2Fmedia&parent=92229"}],"wp:term":[{"taxonomy":"category","embeddable":true,"href":"https:\/\/www.interaccionnoticias.com.mx\/index.php?rest_route=%2Fwp%2Fv2%2Fcategories&post=92229"},{"taxonomy":"post_tag","embeddable":true,"href":"https:\/\/www.interaccionnoticias.com.mx\/index.php?rest_route=%2Fwp%2Fv2%2Ftags&post=92229"}],"curies":[{"name":"wp","href":"https:\/\/api.w.org\/{rel}","templated":true}]}}