{"id":92208,"date":"2025-06-10T15:30:47","date_gmt":"2025-06-10T21:30:47","guid":{"rendered":"https:\/\/www.interaccionnoticias.com.mx\/?p=92208"},"modified":"2025-06-10T15:30:48","modified_gmt":"2025-06-10T21:30:48","slug":"proponen-reforma-para-que-secretarios-de-gobierno-en-guerrero-tengan-residencia-minima-de-5-anos","status":"publish","type":"post","link":"https:\/\/www.interaccionnoticias.com.mx\/?p=92208","title":{"rendered":"Proponen reforma para que secretarios de Gobierno en Guerrero tengan residencia m\u00ednima de 5 a\u00f1os"},"content":{"rendered":"\n<p><strong><em>&#8212; La iniciativa p es del diputado Jhobanny Jim\u00e9nez Mendoza, con el argumento de fortalecer la eficacia en el desempe\u00f1o de sus funciones<\/em><\/strong><\/p>\n\n\n\n<p><strong>Rogelio Agust\u00edn<\/strong><\/p>\n\n\n\n<p>El diputado local por el PVEM, Jhobanny Jim\u00e9nez Mendoza propuso una adici\u00f3n a la Ley Org\u00e1nica de la Administraci\u00f3n Publica del Estado, para que los secretarios de gobierno tengan una residencia m\u00ednima de cinco a\u00f1os, para garantizar con ello la eficacia en el desempe\u00f1o de sus funciones.<\/p>\n\n\n\n<p>La propuesta impacta en el articulo 19 de la Ley Org\u00e1nica de la Administraci\u00f3n Publica, de acuerdo con el diputado Jim\u00e9nez Mendoza, va dirigido espec\u00edficamente a quienes sean considerados para formar parte de la administraci\u00f3n p\u00fablica estatal a nivel de secretar\u00eda de despacho.<\/p>\n\n\n\n<p>Los aspirantes a las secretar\u00edas de la administraci\u00f3n estatal, de aprobarse la propuesta del ex alcalde de Mochitl\u00e1n, deben acreditar una residencia efectiva no menor a cinco a\u00f1os en alguno de los 85 municipios que integran al estado de Guerrero.<\/p>\n\n\n\n<p>El representante popular explic\u00f3 que las secretar\u00edas de despacho desempe\u00f1an un papel clave en la estructura administrativa de los gobiernos estatales, al ser los \u00f3rganos responsables de ejecutar las pol\u00edticas p\u00fablicas, coordinar programas estrat\u00e9gicos y gestionar los recursos asignados por el Ejecutivo estatal.<\/p>\n\n\n\n<p>Indic\u00f3 que dichas dependencias son, en la pr\u00e1ctica, los brazos operativos que traducen los objetivos del Plan Estatal de Desarrollo en acciones concretas, que impactan directamente en la vida de los ciudadanos.<\/p>\n\n\n\n<p>Detall\u00f3 que cada secretar\u00eda en su \u00e1mbito espec\u00edfico \u2014Educaci\u00f3n, Salud, Desarrollo Econ\u00f3mico, Obras P\u00fablicas, Bienestar y Seguridad P\u00fablica, entre otras\u2014, contribuyen al desarrollo, la estabilidad y el bienestar de la entidad federativa.<\/p>\n\n\n\n<p>Ah\u00ed es donde destac\u00f3, se centra la importancia de que sus titulares no solo cuenten con capacidades t\u00e9cnicas y administrativas, sino tambi\u00e9n con un conocimiento profundo del contexto estatal, por eso se plantea la residencia m\u00ednima de cinco a\u00f1os.<\/p>\n\n\n\n<p>Explic\u00f3: \u201cLa propuesta de requerir una residencia m\u00ednima responde a la necesidad de que los secretarios de despacho conozcan a fondo la diversidad geogr\u00e1fica, social y cultural del estado. Guerrero est\u00e1 conformado por ocho regiones con realidades muy contrastantes, desde zonas urbanas hasta comunidades marginadas y rurales, por ello, se considera fundamental que quienes lideran estas dependencias cuenten con una comprensi\u00f3n arraigada del entorno en el que operan\u201d.<\/p>\n\n\n\n<p>A manera de ejemplo, se\u00f1al\u00f3 que casos como el de la Secretar\u00eda del Bienestar, cuya labor se centra en la reducci\u00f3n de desigualdades y atenci\u00f3n a comunidades vulnerables, o el de la Secretar\u00eda de Seguridad P\u00fablica, requieren una estrecha colaboraci\u00f3n interinstitucional, ejemplifican la importancia de contar con titulares que conozcan muy bien el terreno en el que trabajan.<\/p>\n\n\n\n<p>Dijo que la residencia prolongada genera confianza entre la poblaci\u00f3n y favorece la gobernabilidad, especialmente en regiones con conflictos o tensiones hist\u00f3ricas.<\/p>\n\n\n\n<p>La iniciativa ser\u00e1 objeto de an\u00e1lisis en comisiones.<\/p>\n","protected":false},"excerpt":{"rendered":"<p>&#8212; La iniciativa p es del diputado Jhobanny Jim\u00e9nez Mendoza, con el argumento de fortalecer la eficacia en el desempe\u00f1o de sus funciones Rogelio Agust\u00edn El diputado local por el&hellip; <\/p>\n","protected":false},"author":21,"featured_media":92211,"comment_status":"open","ping_status":"open","sticky":false,"template":"","format":"standard","meta":{"fifu_image_url":"https:\/\/www.interaccionnoticias.com.mx\/wp-content\/uploads\/2025\/06\/250610-Jhobanny-Jimenez-Mendoza.jpg","fifu_image_alt":"","footnotes":""},"categories":[2],"tags":[],"class_list":["post-92208","post","type-post","status-publish","format-standard","has-post-thumbnail","hentry","category-congreso"],"_links":{"self":[{"href":"https:\/\/www.interaccionnoticias.com.mx\/index.php?rest_route=\/wp\/v2\/posts\/92208","targetHints":{"allow":["GET"]}}],"collection":[{"href":"https:\/\/www.interaccionnoticias.com.mx\/index.php?rest_route=\/wp\/v2\/posts"}],"about":[{"href":"https:\/\/www.interaccionnoticias.com.mx\/index.php?rest_route=\/wp\/v2\/types\/post"}],"author":[{"embeddable":true,"href":"https:\/\/www.interaccionnoticias.com.mx\/index.php?rest_route=\/wp\/v2\/users\/21"}],"replies":[{"embeddable":true,"href":"https:\/\/www.interaccionnoticias.com.mx\/index.php?rest_route=%2Fwp%2Fv2%2Fcomments&post=92208"}],"version-history":[{"count":1,"href":"https:\/\/www.interaccionnoticias.com.mx\/index.php?rest_route=\/wp\/v2\/posts\/92208\/revisions"}],"predecessor-version":[{"id":92210,"href":"https:\/\/www.interaccionnoticias.com.mx\/index.php?rest_route=\/wp\/v2\/posts\/92208\/revisions\/92210"}],"wp:featuredmedia":[{"embeddable":true,"href":"https:\/\/www.interaccionnoticias.com.mx\/index.php?rest_route=\/wp\/v2\/media\/92211"}],"wp:attachment":[{"href":"https:\/\/www.interaccionnoticias.com.mx\/index.php?rest_route=%2Fwp%2Fv2%2Fmedia&parent=92208"}],"wp:term":[{"taxonomy":"category","embeddable":true,"href":"https:\/\/www.interaccionnoticias.com.mx\/index.php?rest_route=%2Fwp%2Fv2%2Fcategories&post=92208"},{"taxonomy":"post_tag","embeddable":true,"href":"https:\/\/www.interaccionnoticias.com.mx\/index.php?rest_route=%2Fwp%2Fv2%2Ftags&post=92208"}],"curies":[{"name":"wp","href":"https:\/\/api.w.org\/{rel}","templated":true}]}}