{"id":92203,"date":"2025-06-10T14:22:02","date_gmt":"2025-06-10T20:22:02","guid":{"rendered":"https:\/\/www.interaccionnoticias.com.mx\/?p=92203"},"modified":"2025-06-10T14:22:03","modified_gmt":"2025-06-10T20:22:03","slug":"siguen-solas-comunidades-de-la-sierra","status":"publish","type":"post","link":"https:\/\/www.interaccionnoticias.com.mx\/?p=92203","title":{"rendered":"Siguen solas comunidades de la sierra"},"content":{"rendered":"\n<p><em><strong>&#8212; Habitantes acusan que no llegan el gobierno<br>&#8212; Siguen desaparecidos dos menores<\/strong><\/em><\/p>\n\n\n\n<p><strong>Javier Trujillo<\/strong><\/p>\n\n\n\n<p><strong>Acapulco, Gro. \u2013<\/strong> Habitantes de la comunidad serrana de Puerto Las Ollas, municipio de Coyuca de Catal\u00e1n, regi\u00f3n de la Tierra Caliente, regresaron a su localidad, pero aseguran que el gobierno no ha llegado.<\/p>\n\n\n\n<p>Un video difundido a trav\u00e9s de las redes sociales, una de las habitantes de esa localidad serrana, asegura que la comunidad se encuentra sola, sin la presencia de ning\u00fan cuerpo de seguridad.<\/p>\n\n\n\n<p>Aunque el gobierno del estado, a trav\u00e9s de la mesa de coordinaci\u00f3n para la Construcci\u00f3n de la Paz, difundi\u00f3 un comunicado que se mantiene un despliegue de integrantes de la base de operaciones en la sierra.<\/p>\n\n\n\n<p>La finalidad es atender de inmediato el reporte de un presunto ataque en comunidades de Puerto Las Ollas y El Nogal, pertenecientes al Ejido de Las Palancas de R\u00edo Fr\u00edo en Coyuca de Catal\u00e1n.<\/p>\n\n\n\n<p>As\u00ed se cumplen 96 horas en que denunciaron ataques armados a manos de grupos de la delincuencia, y que presuntamente habr\u00edan dejado al menos una persona sin vida y dos menores de edad desaparecidos.<\/p>\n\n\n\n<p>De los menores se indica que son Joshua de 10 a\u00f1os de edad y Sergio de 14, quienes est\u00e1n desaparecidos desde hace m\u00e1s de 36 horas y sus familiares tienen temor que el grupo delictivo se los haya llevado.<\/p>\n","protected":false},"excerpt":{"rendered":"<p>&#8212; Habitantes acusan que no llegan el gobierno&#8212; Siguen desaparecidos dos menores Javier Trujillo Acapulco, Gro. \u2013 Habitantes de la comunidad serrana de Puerto Las Ollas, municipio de Coyuca de&hellip; <\/p>\n","protected":false},"author":3,"featured_media":92206,"comment_status":"open","ping_status":"open","sticky":false,"template":"","format":"standard","meta":{"fifu_image_url":"https:\/\/www.interaccionnoticias.com.mx\/wp-content\/uploads\/2025\/06\/250610-comunidades-de-la-sierra.jpg","fifu_image_alt":"","footnotes":""},"categories":[11],"tags":[],"class_list":["post-92203","post","type-post","status-publish","format-standard","has-post-thumbnail","hentry","category-guerrero"],"_links":{"self":[{"href":"https:\/\/www.interaccionnoticias.com.mx\/index.php?rest_route=\/wp\/v2\/posts\/92203","targetHints":{"allow":["GET"]}}],"collection":[{"href":"https:\/\/www.interaccionnoticias.com.mx\/index.php?rest_route=\/wp\/v2\/posts"}],"about":[{"href":"https:\/\/www.interaccionnoticias.com.mx\/index.php?rest_route=\/wp\/v2\/types\/post"}],"author":[{"embeddable":true,"href":"https:\/\/www.interaccionnoticias.com.mx\/index.php?rest_route=\/wp\/v2\/users\/3"}],"replies":[{"embeddable":true,"href":"https:\/\/www.interaccionnoticias.com.mx\/index.php?rest_route=%2Fwp%2Fv2%2Fcomments&post=92203"}],"version-history":[{"count":2,"href":"https:\/\/www.interaccionnoticias.com.mx\/index.php?rest_route=\/wp\/v2\/posts\/92203\/revisions"}],"predecessor-version":[{"id":92207,"href":"https:\/\/www.interaccionnoticias.com.mx\/index.php?rest_route=\/wp\/v2\/posts\/92203\/revisions\/92207"}],"wp:featuredmedia":[{"embeddable":true,"href":"https:\/\/www.interaccionnoticias.com.mx\/index.php?rest_route=\/wp\/v2\/media\/92206"}],"wp:attachment":[{"href":"https:\/\/www.interaccionnoticias.com.mx\/index.php?rest_route=%2Fwp%2Fv2%2Fmedia&parent=92203"}],"wp:term":[{"taxonomy":"category","embeddable":true,"href":"https:\/\/www.interaccionnoticias.com.mx\/index.php?rest_route=%2Fwp%2Fv2%2Fcategories&post=92203"},{"taxonomy":"post_tag","embeddable":true,"href":"https:\/\/www.interaccionnoticias.com.mx\/index.php?rest_route=%2Fwp%2Fv2%2Ftags&post=92203"}],"curies":[{"name":"wp","href":"https:\/\/api.w.org\/{rel}","templated":true}]}}