{"id":92192,"date":"2025-06-10T13:28:19","date_gmt":"2025-06-10T19:28:19","guid":{"rendered":"https:\/\/www.interaccionnoticias.com.mx\/?p=92192"},"modified":"2025-06-10T13:28:20","modified_gmt":"2025-06-10T19:28:20","slug":"madres-buscadoras-exigen-la-busqueda-de-seis-comerciantes-de-chautipan-desaparecidos-en-la-zona-rural-de-chilapa","status":"publish","type":"post","link":"https:\/\/www.interaccionnoticias.com.mx\/?p=92192","title":{"rendered":"Madres buscadoras exigen la b\u00fasqueda de seis comerciantes de Chautipan, desaparecidos en la zona Rural de Chilapa"},"content":{"rendered":"\n<p><em><strong>&#8212; Pertenecen al grupo de 17, de los que 11 fueron localizados desmembrados<br>&#8212; Se les vio por \u00faltima vez en El Epazote, municipio de Chilapa, donde realizaban su venta de trastes desde hac\u00eda varios a\u00f1os<\/strong><\/em><\/p>\n\n\n\n<p><strong>Rogelio Agust\u00edn<\/strong><\/p>\n\n\n\n<p>Representantes del colectivo \u201cMar\u00eda Herrera\u201d de Chilpancingo demandaron que se reactive la b\u00fasqueda de seis comerciantes que desde finales de octubre de 2024 se encuentran desaparecidos en la zona rural de Chilapa, ya que los trabajos fueron suspendidos de manera injustificada.<\/p>\n\n\n\n<p>Gemma Ant\u00fanez, vocera del colectivo \u201cMar\u00eda Herrera\u201d se\u00f1al\u00f3 que entre los seis desaparecidos se encuentra un menor de edad, se trata del grupo de 17 comerciantes que en octubre del a\u00f1o pasado salieron de Chautipan, comunidad ubicada en la Sierra de Chilpancingo y de ellos 11 fueron localizados sin vida, desmembrados y con huellas de tortura.<\/p>\n\n\n\n<p>Los desaparecidos salieron de Chautipan en dos momentos, el primero fue el 22 de octubre y el segundo el 24, de los 17 falta por localizar a seis, ya que 11 fueron encontrados muertos y sepultados el 9 de noviembre en su localidad de origen.<\/p>\n\n\n\n<p>Aunque las autoridades mencionaron que se realizar\u00edan los trabajos encaminados a localizar a los seis restantes, los trabajos permanecen suspendidos, lo que genera malestar entre las familias afectadas.<\/p>\n\n\n\n<p>Gemma Ant\u00f9nez asegura: \u00abYa qued\u00f3 suspendida, no hay investigaciones, las familias est\u00e1n muy desesperadas porque me comentan no hay trabajo en campo, con el hurac\u00e1n John se les obstaculiz\u00f3 el acceso a la comunidad y fue muy dif\u00edcil para ellos poder salir del pueblo\u00bb.<\/p>\n\n\n\n<p>Tras los hechos de finales de 2024, dijo que las 25 familias afectadas por la privaci\u00f3n de la libertad y el asesinato de 11 de los comerciantes se unieron al Mar\u00eda Herrera, colectivo que est\u00e1 preocupado porque la b\u00fasqueda no avanza.<\/p>\n\n\n\n<p>Insisti\u00f3: \u00abYa no se han hecho m\u00e1s b\u00fasquedas, es verdad que est\u00e1 bien dif\u00edcil entrar en esas \u00e1reas donde se supone que puedan estar los dem\u00e1s. Yo creo que hasta las autoridades tienen miedo, de entrar a esas \u00e1reas\u00bb.<\/p>\n\n\n\n<p>Los desaparecidos cuya b\u00fasqueda se demandan son Marco Antonio, Javier y Pedro Ismael Barrera Mill\u00e1n, Jaime Cayetano Tolentino, Jos\u00e9 Morales Tolentino y Leandro Geovany Sacrist\u00e1n.<\/p>\n","protected":false},"excerpt":{"rendered":"<p>&#8212; Pertenecen al grupo de 17, de los que 11 fueron localizados desmembrados&#8212; Se les vio por \u00faltima vez en El Epazote, municipio de Chilapa, donde realizaban su venta de&hellip; <\/p>\n","protected":false},"author":21,"featured_media":92195,"comment_status":"open","ping_status":"open","sticky":false,"template":"","format":"standard","meta":{"fifu_image_url":"https:\/\/www.interaccionnoticias.com.mx\/wp-content\/uploads\/2025\/06\/250610-Madres-buscadoras.jpg","fifu_image_alt":"","footnotes":""},"categories":[15],"tags":[],"class_list":["post-92192","post","type-post","status-publish","format-standard","has-post-thumbnail","hentry","category-movimientos-sociales"],"_links":{"self":[{"href":"https:\/\/www.interaccionnoticias.com.mx\/index.php?rest_route=\/wp\/v2\/posts\/92192","targetHints":{"allow":["GET"]}}],"collection":[{"href":"https:\/\/www.interaccionnoticias.com.mx\/index.php?rest_route=\/wp\/v2\/posts"}],"about":[{"href":"https:\/\/www.interaccionnoticias.com.mx\/index.php?rest_route=\/wp\/v2\/types\/post"}],"author":[{"embeddable":true,"href":"https:\/\/www.interaccionnoticias.com.mx\/index.php?rest_route=\/wp\/v2\/users\/21"}],"replies":[{"embeddable":true,"href":"https:\/\/www.interaccionnoticias.com.mx\/index.php?rest_route=%2Fwp%2Fv2%2Fcomments&post=92192"}],"version-history":[{"count":1,"href":"https:\/\/www.interaccionnoticias.com.mx\/index.php?rest_route=\/wp\/v2\/posts\/92192\/revisions"}],"predecessor-version":[{"id":92194,"href":"https:\/\/www.interaccionnoticias.com.mx\/index.php?rest_route=\/wp\/v2\/posts\/92192\/revisions\/92194"}],"wp:featuredmedia":[{"embeddable":true,"href":"https:\/\/www.interaccionnoticias.com.mx\/index.php?rest_route=\/wp\/v2\/media\/92195"}],"wp:attachment":[{"href":"https:\/\/www.interaccionnoticias.com.mx\/index.php?rest_route=%2Fwp%2Fv2%2Fmedia&parent=92192"}],"wp:term":[{"taxonomy":"category","embeddable":true,"href":"https:\/\/www.interaccionnoticias.com.mx\/index.php?rest_route=%2Fwp%2Fv2%2Fcategories&post=92192"},{"taxonomy":"post_tag","embeddable":true,"href":"https:\/\/www.interaccionnoticias.com.mx\/index.php?rest_route=%2Fwp%2Fv2%2Ftags&post=92192"}],"curies":[{"name":"wp","href":"https:\/\/api.w.org\/{rel}","templated":true}]}}