{"id":92141,"date":"2025-06-09T13:41:10","date_gmt":"2025-06-09T19:41:10","guid":{"rendered":"https:\/\/www.interaccionnoticias.com.mx\/?p=92141"},"modified":"2025-06-09T13:41:11","modified_gmt":"2025-06-09T19:41:11","slug":"dos-hermanos-de-chilpancingo-buscan-representar-a-guerrero-en-el-festival-olimpico-de-boxeo","status":"publish","type":"post","link":"https:\/\/www.interaccionnoticias.com.mx\/?p=92141","title":{"rendered":"Dos hermanos de Chilpancingo buscan representar a Guerrero en el Festival Ol\u00edmpico de Boxeo"},"content":{"rendered":"\n<p><strong><em>&#8212; Axel e Iker Camero piden apoyo econ\u00f3mico para llegar a la competencia nacional<\/em><\/strong><\/p>\n\n\n\n<p><strong>Jes\u00fas Dorantes<\/strong><\/p>\n\n\n\n<p><strong>Chilpancingo, Gro.\u2013<\/strong> Los hermanos Axel Camero R\u00edos, de 19 a\u00f1os, e Iker Camero, de 11, solicitaron apoyo a la sociedad para representar a Guerrero en el Festival Ol\u00edmpico de Boxeo, que se realizar\u00e1 en octubre en las instalaciones de la Comisi\u00f3n Nacional del Deporte (Conade), en la Ciudad de M\u00e9xico.<\/p>\n\n\n\n<p>Los hermanos entrenan todos los d\u00edas pero participar en este torneo nacional implica una preparaci\u00f3n especializada y una inversi\u00f3n econ\u00f3mica considerable, pero necesitan cubrir los costos de entrenamiento, nutri\u00f3logo, preparador f\u00edsico, transporte, hospedaje y alimentaci\u00f3n.<\/p>\n\n\n\n<p>Durante los \u00faltimos a\u00f1os, Axel cont\u00f3 con becas deportivas que le permitieron mantenerse en competencia, pero actualmente, ni \u00e9l ni su hermano reciben respaldo institucional.<\/p>\n\n\n\n<p>Hoy dependen del apoyo ciudadano y de la sensibilidad de autoridades o actores pol\u00edticos que est\u00e9n dispuestos a respaldar el talento local.<\/p>\n\n\n\n<p>La fecha l\u00edmite para reunir los recursos vence en septiembre. De no lograrlo, ambos boxeadores podr\u00edan quedar fuera del torneo, considerado uno de los m\u00e1s relevantes en el pa\u00eds para peleadores amateur.<\/p>\n","protected":false},"excerpt":{"rendered":"<p>&#8212; Axel e Iker Camero piden apoyo econ\u00f3mico para llegar a la competencia nacional Jes\u00fas Dorantes Chilpancingo, Gro.\u2013 Los hermanos Axel Camero R\u00edos, de 19 a\u00f1os, e Iker Camero, de&hellip; <\/p>\n","protected":false},"author":8,"featured_media":92144,"comment_status":"open","ping_status":"open","sticky":false,"template":"","format":"standard","meta":{"fifu_image_url":"https:\/\/www.interaccionnoticias.com.mx\/wp-content\/uploads\/2025\/06\/250609-Axel-Camero-Rios.jpg","fifu_image_alt":"","footnotes":""},"categories":[243],"tags":[],"class_list":["post-92141","post","type-post","status-publish","format-standard","has-post-thumbnail","hentry","category-deportes"],"_links":{"self":[{"href":"https:\/\/www.interaccionnoticias.com.mx\/index.php?rest_route=\/wp\/v2\/posts\/92141","targetHints":{"allow":["GET"]}}],"collection":[{"href":"https:\/\/www.interaccionnoticias.com.mx\/index.php?rest_route=\/wp\/v2\/posts"}],"about":[{"href":"https:\/\/www.interaccionnoticias.com.mx\/index.php?rest_route=\/wp\/v2\/types\/post"}],"author":[{"embeddable":true,"href":"https:\/\/www.interaccionnoticias.com.mx\/index.php?rest_route=\/wp\/v2\/users\/8"}],"replies":[{"embeddable":true,"href":"https:\/\/www.interaccionnoticias.com.mx\/index.php?rest_route=%2Fwp%2Fv2%2Fcomments&post=92141"}],"version-history":[{"count":1,"href":"https:\/\/www.interaccionnoticias.com.mx\/index.php?rest_route=\/wp\/v2\/posts\/92141\/revisions"}],"predecessor-version":[{"id":92143,"href":"https:\/\/www.interaccionnoticias.com.mx\/index.php?rest_route=\/wp\/v2\/posts\/92141\/revisions\/92143"}],"wp:featuredmedia":[{"embeddable":true,"href":"https:\/\/www.interaccionnoticias.com.mx\/index.php?rest_route=\/wp\/v2\/media\/92144"}],"wp:attachment":[{"href":"https:\/\/www.interaccionnoticias.com.mx\/index.php?rest_route=%2Fwp%2Fv2%2Fmedia&parent=92141"}],"wp:term":[{"taxonomy":"category","embeddable":true,"href":"https:\/\/www.interaccionnoticias.com.mx\/index.php?rest_route=%2Fwp%2Fv2%2Fcategories&post=92141"},{"taxonomy":"post_tag","embeddable":true,"href":"https:\/\/www.interaccionnoticias.com.mx\/index.php?rest_route=%2Fwp%2Fv2%2Ftags&post=92141"}],"curies":[{"name":"wp","href":"https:\/\/api.w.org\/{rel}","templated":true}]}}