{"id":92136,"date":"2025-06-09T13:06:44","date_gmt":"2025-06-09T19:06:44","guid":{"rendered":"https:\/\/www.interaccionnoticias.com.mx\/?p=92136"},"modified":"2025-06-09T13:06:45","modified_gmt":"2025-06-09T19:06:45","slug":"mueres-y-ninos-de-puerto-las-ollas-piden-auxilio-ante-la-irrupcion-de-civiles-armados","status":"publish","type":"post","link":"https:\/\/www.interaccionnoticias.com.mx\/?p=92136","title":{"rendered":"Mueres y ni\u00f1os de Puerto las Ollas piden auxilio, ante la irrupci\u00f3n de civiles armados"},"content":{"rendered":"\n<p><strong><em>&#8212; Confirma el Gobierno el env\u00edo de personal de seguridad<br>&#8212; Reportan heridos y quema de viviendas<\/em><\/strong><\/p>\n\n\n\n<p><strong>Rogelio Agust\u00edn<\/strong><\/p>\n\n\n\n<p>El gobierno de Guerrero confirm\u00f3 el env\u00edo de fuerzas de seguridad a la comunidad de Puerto las Ollas, municipio de Petlatl\u00e1n, donde mujeres y ni\u00f1os grabaron un video para pedir auxilio ante la llegada de civiles armados, que desde la jornada del domingo los arrinconaron en la iglesia de la localidad y quemaron varias de sus viviendas.<\/p>\n\n\n\n<p>La noche del 8 de junio, en redes sociales circul\u00f3 un video de 52 segundos, en el que mujeres y ni\u00f1os claman por el env\u00edo de cuerpos de seguridad a la comunidad de Puerto las Ollas, donde un grupo de civiles armados ingres\u00f3 para herir a varios de los pobladores y quemar tambi\u00e9n algunas de las casas.<\/p>\n\n\n\n<p>Antes se dio a conocer otro clip de 39 segundos, en el que se escuchan varias detonaciones de arma de fuego.<\/p>\n\n\n\n<p>\u201cEstamos todos pidiendo ayuda, hay mujeres, ni\u00f1os, aqu\u00ed nos encontramos por favor, le pedimos ayuda a la presidenta (Claudia Sheinbaum Pardo) para que nos mande ayuda, porque desde ayer estamos rodeados, no podemos salir ni hemos comido porque no nos dejan salir\u201d, se\u00f1ala una de las mujeres.<\/p>\n\n\n\n<p>Agrega que les han quemado varias casas y si bien refiere que buscaron comunicaci\u00f3n con los ayuntamientos de Petatl\u00e1n y Zihuatanejo, hasta el momento ninguno de los municipios les ha dado respuesta.<\/p>\n\n\n\n<p>Puerto las Ollas es la tercera comunidad afectada por la incursi\u00f3n de civiles armados en la zona serrana de los l\u00edmites de Zihuatanejo, Petatl\u00e1n y Coyuca de Catal\u00e1n.<\/p>\n\n\n\n<p>La semana pasada hubo hechos similares reportados en Vallecitos de Zaragoza, municipio de Zihuatanejo y el ejido de Zihuaquio, en Coyuca de Catal\u00e1n, ambos municipio ubicados en los l\u00edmites con Michoac\u00e1n.<\/p>\n\n\n\n<p>El subsecretario de Asuntos Pol\u00edticos de la Secretar\u00eda General de Gobierno, Francisco Rodr\u00edguez Cisneros confirm\u00f3 que hay personal del Estado y la Federaci\u00f3n que ya se trasladan hacia Puerto las Ollas, aunque record\u00f3 que es una localidad distante.<\/p>\n\n\n\n<figure class=\"wp-block-video\"><video height=\"1280\" style=\"aspect-ratio: 720 \/ 1280;\" width=\"720\" controls src=\"https:\/\/www.interaccionnoticias.com.mx\/wp-content\/uploads\/2025\/06\/250609-Puerto-las-Ollas-a.mp4\"><\/video><\/figure>\n","protected":false},"excerpt":{"rendered":"<p>&#8212; Confirma el Gobierno el env\u00edo de personal de seguridad&#8212; Reportan heridos y quema de viviendas Rogelio Agust\u00edn El gobierno de Guerrero confirm\u00f3 el env\u00edo de fuerzas de seguridad a&hellip; <\/p>\n","protected":false},"author":21,"featured_media":92140,"comment_status":"open","ping_status":"open","sticky":false,"template":"","format":"standard","meta":{"fifu_image_url":"https:\/\/www.interaccionnoticias.com.mx\/wp-content\/uploads\/2025\/06\/250609-Puerto-las-Ollas.jpg","fifu_image_alt":"","footnotes":""},"categories":[27],"tags":[],"class_list":["post-92136","post","type-post","status-publish","format-standard","has-post-thumbnail","hentry","category-seguridad-publica"],"_links":{"self":[{"href":"https:\/\/www.interaccionnoticias.com.mx\/index.php?rest_route=\/wp\/v2\/posts\/92136","targetHints":{"allow":["GET"]}}],"collection":[{"href":"https:\/\/www.interaccionnoticias.com.mx\/index.php?rest_route=\/wp\/v2\/posts"}],"about":[{"href":"https:\/\/www.interaccionnoticias.com.mx\/index.php?rest_route=\/wp\/v2\/types\/post"}],"author":[{"embeddable":true,"href":"https:\/\/www.interaccionnoticias.com.mx\/index.php?rest_route=\/wp\/v2\/users\/21"}],"replies":[{"embeddable":true,"href":"https:\/\/www.interaccionnoticias.com.mx\/index.php?rest_route=%2Fwp%2Fv2%2Fcomments&post=92136"}],"version-history":[{"count":1,"href":"https:\/\/www.interaccionnoticias.com.mx\/index.php?rest_route=\/wp\/v2\/posts\/92136\/revisions"}],"predecessor-version":[{"id":92139,"href":"https:\/\/www.interaccionnoticias.com.mx\/index.php?rest_route=\/wp\/v2\/posts\/92136\/revisions\/92139"}],"wp:featuredmedia":[{"embeddable":true,"href":"https:\/\/www.interaccionnoticias.com.mx\/index.php?rest_route=\/wp\/v2\/media\/92140"}],"wp:attachment":[{"href":"https:\/\/www.interaccionnoticias.com.mx\/index.php?rest_route=%2Fwp%2Fv2%2Fmedia&parent=92136"}],"wp:term":[{"taxonomy":"category","embeddable":true,"href":"https:\/\/www.interaccionnoticias.com.mx\/index.php?rest_route=%2Fwp%2Fv2%2Fcategories&post=92136"},{"taxonomy":"post_tag","embeddable":true,"href":"https:\/\/www.interaccionnoticias.com.mx\/index.php?rest_route=%2Fwp%2Fv2%2Ftags&post=92136"}],"curies":[{"name":"wp","href":"https:\/\/api.w.org\/{rel}","templated":true}]}}