{"id":9213,"date":"2017-10-12T15:13:53","date_gmt":"2017-10-12T20:13:53","guid":{"rendered":"http:\/\/www.inter-accion.com.mx\/?p=9213"},"modified":"2017-10-12T15:13:53","modified_gmt":"2017-10-12T20:13:53","slug":"padres-de-monica-manzanares-imploran-a-captores-entreguen-a-su-hija-raptada","status":"publish","type":"post","link":"https:\/\/www.interaccionnoticias.com.mx\/?p=9213","title":{"rendered":"Padres de M\u00f3nica Manzanares imploran a captores entreguen a su hija raptada"},"content":{"rendered":"<p>Entre l\u00e1grimas y sollozos los padres de la joven M\u00f3nica Alejandra Manzanares Hern\u00e1ndez desaparecida el d\u00eda de ayer, pidieron a los captores de su hija que la devuelvan con vida.<br \/>\n\u201cEste mensaje va dirigido a la persona o las personas que tienen a mi hija, la quiero aqu\u00ed, se los pido a esas personas, ya no a la autoridad, se los pido a las personas que la tienen, ella no es una ni\u00f1a mal, estamos dispuestos a que me llamen a que me la devuelvan\u201d.<br \/>\nLa joven M\u00f3nica Alejandra Manzanares Hern\u00e1ndez de 19 a\u00f1os de edad, desapareci\u00f3 la ma\u00f1ana del mi\u00e9rcoles 11 de octubre en el municipio de Chilpancingo, cuando se dirig\u00eda de su casa al gimnasio ubicado en el centro de la ciudad, lugar al que nunca lleg\u00f3.<br \/>\nLa tarde de este jueves tras una reuni\u00f3n con autoridades del Estado de Guerrero en el Palacio de Gobierno los padres de la joven se\u00f1alaron que hasta el momento no existe informaci\u00f3n alguna sobre el paradero de su hija, por lo que suplicaron a su captor o captores que la entreguen o se comuniquen.<br \/>\nA pesar de que las autoridades han iniciado l\u00edneas de investigaci\u00f3n por el caso, los padres no se encuentran tranquilos y piden a los captores el regreso de su hija.<\/p>\n","protected":false},"excerpt":{"rendered":"<p>Entre l\u00e1grimas y sollozos los padres de la joven M\u00f3nica Alejandra Manzanares Hern\u00e1ndez desaparecida el d\u00eda de ayer, pidieron a los captores de su hija que la devuelvan con vida.&hellip; <\/p>\n","protected":false},"author":1,"featured_media":0,"comment_status":"closed","ping_status":"closed","sticky":false,"template":"","format":"standard","meta":{"fifu_image_url":"","fifu_image_alt":"","footnotes":""},"categories":[8,27],"tags":[],"class_list":["post-9213","post","type-post","status-publish","format-standard","hentry","category-featured","category-seguridad-publica"],"_links":{"self":[{"href":"https:\/\/www.interaccionnoticias.com.mx\/index.php?rest_route=\/wp\/v2\/posts\/9213","targetHints":{"allow":["GET"]}}],"collection":[{"href":"https:\/\/www.interaccionnoticias.com.mx\/index.php?rest_route=\/wp\/v2\/posts"}],"about":[{"href":"https:\/\/www.interaccionnoticias.com.mx\/index.php?rest_route=\/wp\/v2\/types\/post"}],"author":[{"embeddable":true,"href":"https:\/\/www.interaccionnoticias.com.mx\/index.php?rest_route=\/wp\/v2\/users\/1"}],"replies":[{"embeddable":true,"href":"https:\/\/www.interaccionnoticias.com.mx\/index.php?rest_route=%2Fwp%2Fv2%2Fcomments&post=9213"}],"version-history":[{"count":0,"href":"https:\/\/www.interaccionnoticias.com.mx\/index.php?rest_route=\/wp\/v2\/posts\/9213\/revisions"}],"wp:attachment":[{"href":"https:\/\/www.interaccionnoticias.com.mx\/index.php?rest_route=%2Fwp%2Fv2%2Fmedia&parent=9213"}],"wp:term":[{"taxonomy":"category","embeddable":true,"href":"https:\/\/www.interaccionnoticias.com.mx\/index.php?rest_route=%2Fwp%2Fv2%2Fcategories&post=9213"},{"taxonomy":"post_tag","embeddable":true,"href":"https:\/\/www.interaccionnoticias.com.mx\/index.php?rest_route=%2Fwp%2Fv2%2Ftags&post=9213"}],"curies":[{"name":"wp","href":"https:\/\/api.w.org\/{rel}","templated":true}]}}