{"id":92121,"date":"2025-06-08T22:40:00","date_gmt":"2025-06-09T04:40:00","guid":{"rendered":"https:\/\/www.interaccionnoticias.com.mx\/?p=92121"},"modified":"2025-06-09T03:26:08","modified_gmt":"2025-06-09T09:26:08","slug":"asesinan-a-david-luna-bravo-en-zihuatanejo","status":"publish","type":"post","link":"https:\/\/www.interaccionnoticias.com.mx\/?p=92121","title":{"rendered":"Asesinan a David Luna Bravo en Zihuatanejo"},"content":{"rendered":"\n<p><strong><em>&#8212; Fungi\u00f3 como director de servicios p\u00fablicos del municipio de Zihuatanejo<br>&#8212; Tambi\u00e9n atentaron hace un a\u00f1o cuando era funcionario de Zihuatanejo de Azueta<\/em><\/strong><\/p>\n\n\n\n<p><strong>Javier Trujillo<\/strong><\/p>\n\n\n\n<p><strong>Acapulco, Gro.-<\/strong> David Luna Bravo, ex funcionario del gobierno de Jorge S\u00e1nchez Allec, fue ultimado al menos de cinco balazos de arma de fuego, en Zihuatanejo, regi\u00f3n de la Costa Grande de Guerrero.<\/p>\n\n\n\n<p>El ataque armado, ocurri\u00f3 a las 06:30 horas de este domingo, en la calle Paseo del Cantil y El Cayue, en la colonia L\u00e1zaro C\u00e1rdenas, en esta localidad costera, cuando sujetos con armas le dispararon en m\u00faltiples ocasiones.<\/p>\n\n\n\n<p>Cabe mencionar que hace un a\u00f1o fue v\u00edctima de un atentado, en aquel entonces David Luna, ex director de servicios p\u00fablicos del Ayuntamiento de Zihuatanejo de Azueta, y fue asesinado este d\u00eda en ese municipio costero de la regi\u00f3n de la Costa Grande.<\/p>\n\n\n\n<p>Lo anterior de acuerdo con el parte policial que refiere que sujetos armados habr\u00edan interceptado a David Luna y lo atacaron a balazos en las inmediaciones de la referida colonia, despu\u00e9s de haber salido de su casa.<\/p>\n\n\n\n<p>Seg\u00fan el parte policial la v\u00edctima recibi\u00f3 m\u00faltiples impactos de arma de grueso calibre que le provocaron heridas graves en la cabeza, dorso, t\u00f3rax, brazo derecho y antebrazo izquierdo.<\/p>\n\n\n\n<p>Fue a trav\u00e9s de un reporte an\u00f3nimo al Servicio de Emergencia del 911 en el que se alert\u00f3 a las autoridades, quienes llegaron a la escena del cr\u00edmen, solo para confirmar que se trataba de un hombre de 48 a\u00f1os de edad, y estaba sin signos vitales.<\/p>\n\n\n\n<p>M\u00e1s tarde, personal de los Servicios Periciales de la Fiscal\u00eda General del Estado (FGE), acudieron a la escena del crimen donde localizaron casquillos percutidos de un arma 9 mil\u00edmetros.<\/p>\n\n\n\n<p>La v\u00edctima, David Luna Bravo, fue identificada por su esposa Yara \u201cM\u201d, quien precis\u00f3 que su c\u00f3nyuge hab\u00eda salido a realizar ejercicio.<\/p>\n\n\n\n<p>El cad\u00e1ver del ex funcionario municipal fue trasladado hasta las instalaciones del Servicio Medico Forense (SEMEFO), en esta localidad costera.<\/p>\n\n\n\n<p>Cabe mencionar que Luna Bravo ya hab\u00eda sido victima de atentado, el pasado 27 de mayo de 2024, cuando fue atacado junto a su escolta mientras se trasladaban en una camioneta oficial en la colonia Cuauht\u00e9moc, en el que ambos resultaron heridos.<\/p>\n\n\n\n<p>Tambi\u00e9n se mencion\u00f3 que David Luna, desde el 2021 se hab\u00eda desempe\u00f1ado como director de Servicios P\u00fablicos Municipal de esta localidad, durante el trienio del ex edil priista y del PVEM Jorge S\u00e1nchez Allec.<\/p>\n\n\n\n<p>Finalmente se indica que tambi\u00e9n fungi\u00f3 como Director de Adquisiciones en la comuna de Zihuatanejo de Azueta del trienio del 2015 a 2018.<\/p>\n\n\n\n<figure class=\"wp-block-gallery has-nested-images columns-default is-cropped wp-block-gallery-1 is-layout-flex wp-block-gallery-is-layout-flex\">\n<figure class=\"wp-block-image size-large\"><img decoding=\"async\" src=\"data:image\/gif;base64,R0lGODlhAQABAIAAAAAAAP\/\/\/ywAAAAAAQABAAACAUwAOw==\" fifu-lazy=\"1\" fifu-data-sizes=\"auto\" fifu-data-srcset=\"https:\/\/i2.wp.com\/www.interaccionnoticias.com.mx\/wp-content\/uploads\/2025\/06\/250609-David-Luna-Bravo-2-785x1024.jpg?ssl=1&w=75&resize=75&ssl=1 75w, https:\/\/i2.wp.com\/www.interaccionnoticias.com.mx\/wp-content\/uploads\/2025\/06\/250609-David-Luna-Bravo-2-785x1024.jpg?ssl=1&w=100&resize=100&ssl=1 100w, https:\/\/i2.wp.com\/www.interaccionnoticias.com.mx\/wp-content\/uploads\/2025\/06\/250609-David-Luna-Bravo-2-785x1024.jpg?ssl=1&w=150&resize=150&ssl=1 150w, https:\/\/i2.wp.com\/www.interaccionnoticias.com.mx\/wp-content\/uploads\/2025\/06\/250609-David-Luna-Bravo-2-785x1024.jpg?ssl=1&w=240&resize=240&ssl=1 240w, https:\/\/i2.wp.com\/www.interaccionnoticias.com.mx\/wp-content\/uploads\/2025\/06\/250609-David-Luna-Bravo-2-785x1024.jpg?ssl=1&w=320&resize=320&ssl=1 320w, https:\/\/i2.wp.com\/www.interaccionnoticias.com.mx\/wp-content\/uploads\/2025\/06\/250609-David-Luna-Bravo-2-785x1024.jpg?ssl=1&w=500&resize=500&ssl=1 500w, https:\/\/i2.wp.com\/www.interaccionnoticias.com.mx\/wp-content\/uploads\/2025\/06\/250609-David-Luna-Bravo-2-785x1024.jpg?ssl=1&w=640&resize=640&ssl=1 640w, https:\/\/i2.wp.com\/www.interaccionnoticias.com.mx\/wp-content\/uploads\/2025\/06\/250609-David-Luna-Bravo-2-785x1024.jpg?ssl=1&w=800&resize=800&ssl=1 800w, https:\/\/i2.wp.com\/www.interaccionnoticias.com.mx\/wp-content\/uploads\/2025\/06\/250609-David-Luna-Bravo-2-785x1024.jpg?ssl=1&w=1024&resize=1024&ssl=1 1024w, https:\/\/i2.wp.com\/www.interaccionnoticias.com.mx\/wp-content\/uploads\/2025\/06\/250609-David-Luna-Bravo-2-785x1024.jpg?ssl=1&w=1280&resize=1280&ssl=1 1280w, https:\/\/i2.wp.com\/www.interaccionnoticias.com.mx\/wp-content\/uploads\/2025\/06\/250609-David-Luna-Bravo-2-785x1024.jpg?ssl=1&w=1600&resize=1600&ssl=1 1600w\" data-id=\"92124\" fifu-data-src=\"https:\/\/i2.wp.com\/www.interaccionnoticias.com.mx\/wp-content\/uploads\/2025\/06\/250609-David-Luna-Bravo-2-785x1024.jpg?ssl=1\" alt=\"\" class=\"wp-image-92124\"\/><\/figure>\n\n\n\n<figure class=\"wp-block-image size-large\"><img decoding=\"async\" src=\"data:image\/gif;base64,R0lGODlhAQABAIAAAAAAAP\/\/\/ywAAAAAAQABAAACAUwAOw==\" fifu-lazy=\"1\" fifu-data-sizes=\"auto\" fifu-data-srcset=\"https:\/\/i3.wp.com\/www.interaccionnoticias.com.mx\/wp-content\/uploads\/2025\/06\/250609-David-Luna-Bravo-1-703x1024.jpg?ssl=1&w=75&resize=75&ssl=1 75w, https:\/\/i3.wp.com\/www.interaccionnoticias.com.mx\/wp-content\/uploads\/2025\/06\/250609-David-Luna-Bravo-1-703x1024.jpg?ssl=1&w=100&resize=100&ssl=1 100w, https:\/\/i3.wp.com\/www.interaccionnoticias.com.mx\/wp-content\/uploads\/2025\/06\/250609-David-Luna-Bravo-1-703x1024.jpg?ssl=1&w=150&resize=150&ssl=1 150w, https:\/\/i3.wp.com\/www.interaccionnoticias.com.mx\/wp-content\/uploads\/2025\/06\/250609-David-Luna-Bravo-1-703x1024.jpg?ssl=1&w=240&resize=240&ssl=1 240w, https:\/\/i3.wp.com\/www.interaccionnoticias.com.mx\/wp-content\/uploads\/2025\/06\/250609-David-Luna-Bravo-1-703x1024.jpg?ssl=1&w=320&resize=320&ssl=1 320w, https:\/\/i3.wp.com\/www.interaccionnoticias.com.mx\/wp-content\/uploads\/2025\/06\/250609-David-Luna-Bravo-1-703x1024.jpg?ssl=1&w=500&resize=500&ssl=1 500w, https:\/\/i3.wp.com\/www.interaccionnoticias.com.mx\/wp-content\/uploads\/2025\/06\/250609-David-Luna-Bravo-1-703x1024.jpg?ssl=1&w=640&resize=640&ssl=1 640w, https:\/\/i3.wp.com\/www.interaccionnoticias.com.mx\/wp-content\/uploads\/2025\/06\/250609-David-Luna-Bravo-1-703x1024.jpg?ssl=1&w=800&resize=800&ssl=1 800w, https:\/\/i3.wp.com\/www.interaccionnoticias.com.mx\/wp-content\/uploads\/2025\/06\/250609-David-Luna-Bravo-1-703x1024.jpg?ssl=1&w=1024&resize=1024&ssl=1 1024w, https:\/\/i3.wp.com\/www.interaccionnoticias.com.mx\/wp-content\/uploads\/2025\/06\/250609-David-Luna-Bravo-1-703x1024.jpg?ssl=1&w=1280&resize=1280&ssl=1 1280w, https:\/\/i3.wp.com\/www.interaccionnoticias.com.mx\/wp-content\/uploads\/2025\/06\/250609-David-Luna-Bravo-1-703x1024.jpg?ssl=1&w=1600&resize=1600&ssl=1 1600w\" data-id=\"92123\" fifu-data-src=\"https:\/\/i3.wp.com\/www.interaccionnoticias.com.mx\/wp-content\/uploads\/2025\/06\/250609-David-Luna-Bravo-1-703x1024.jpg?ssl=1\" alt=\"\" class=\"wp-image-92123\"\/><\/figure>\n<\/figure>\n\n\n\n<p><\/p>\n","protected":false},"excerpt":{"rendered":"<p>&#8212; Fungi\u00f3 como director de servicios p\u00fablicos del municipio de Zihuatanejo&#8212; Tambi\u00e9n atentaron hace un a\u00f1o cuando era funcionario de Zihuatanejo de Azueta Javier Trujillo Acapulco, Gro.- David Luna Bravo,&hellip; <\/p>\n","protected":false},"author":3,"featured_media":92126,"comment_status":"open","ping_status":"open","sticky":false,"template":"","format":"standard","meta":{"fifu_image_url":"https:\/\/www.interaccionnoticias.com.mx\/wp-content\/uploads\/2025\/06\/250609-David-Luna-Bravo-300x200.jpg","fifu_image_alt":"","footnotes":""},"categories":[23],"tags":[],"class_list":["post-92121","post","type-post","status-publish","format-standard","has-post-thumbnail","hentry","category-regionales"],"_links":{"self":[{"href":"https:\/\/www.interaccionnoticias.com.mx\/index.php?rest_route=\/wp\/v2\/posts\/92121","targetHints":{"allow":["GET"]}}],"collection":[{"href":"https:\/\/www.interaccionnoticias.com.mx\/index.php?rest_route=\/wp\/v2\/posts"}],"about":[{"href":"https:\/\/www.interaccionnoticias.com.mx\/index.php?rest_route=\/wp\/v2\/types\/post"}],"author":[{"embeddable":true,"href":"https:\/\/www.interaccionnoticias.com.mx\/index.php?rest_route=\/wp\/v2\/users\/3"}],"replies":[{"embeddable":true,"href":"https:\/\/www.interaccionnoticias.com.mx\/index.php?rest_route=%2Fwp%2Fv2%2Fcomments&post=92121"}],"version-history":[{"count":1,"href":"https:\/\/www.interaccionnoticias.com.mx\/index.php?rest_route=\/wp\/v2\/posts\/92121\/revisions"}],"predecessor-version":[{"id":92125,"href":"https:\/\/www.interaccionnoticias.com.mx\/index.php?rest_route=\/wp\/v2\/posts\/92121\/revisions\/92125"}],"wp:featuredmedia":[{"embeddable":true,"href":"https:\/\/www.interaccionnoticias.com.mx\/index.php?rest_route=\/wp\/v2\/media\/92126"}],"wp:attachment":[{"href":"https:\/\/www.interaccionnoticias.com.mx\/index.php?rest_route=%2Fwp%2Fv2%2Fmedia&parent=92121"}],"wp:term":[{"taxonomy":"category","embeddable":true,"href":"https:\/\/www.interaccionnoticias.com.mx\/index.php?rest_route=%2Fwp%2Fv2%2Fcategories&post=92121"},{"taxonomy":"post_tag","embeddable":true,"href":"https:\/\/www.interaccionnoticias.com.mx\/index.php?rest_route=%2Fwp%2Fv2%2Ftags&post=92121"}],"curies":[{"name":"wp","href":"https:\/\/api.w.org\/{rel}","templated":true}]}}