{"id":92115,"date":"2025-06-08T17:50:27","date_gmt":"2025-06-08T23:50:27","guid":{"rendered":"https:\/\/www.interaccionnoticias.com.mx\/?p=92115"},"modified":"2025-06-08T17:50:28","modified_gmt":"2025-06-08T23:50:28","slug":"hospital-de-especialidades-de-tlapa-aun-sin-atencion-para-pacientes-con-cancer-y-enfermedades-renales","status":"publish","type":"post","link":"https:\/\/www.interaccionnoticias.com.mx\/?p=92115","title":{"rendered":"Hospital de especialidades de Tlapa, a\u00fan sin atenci\u00f3n para pacientes con c\u00e1ncer y enfermedades renales"},"content":{"rendered":"\n<p><em><strong>&#8212; Reprocha el Frente Popular de la Monta\u00f1a (FPM) incumplimiento de promesa presidencial<\/strong><\/em><\/p>\n\n\n\n<p><strong>Cristina Serrano<\/strong><\/p>\n\n\n\n<p>Tlapa de Comonfort, Guerrero, 8 de junio de 2025 \u2014 Aunque reconocen avances en el proceso de apertura del nuevo hospital de especialidades en Tlapa, integrantes del Frente Popular de la Monta\u00f1a se\u00f1alaron con preocupaci\u00f3n que a\u00fan no hay atenci\u00f3n m\u00e9dica para personas con c\u00e1ncer ni para quienes requieren hemodi\u00e1lisis, dos de las necesidades m\u00e1s urgentes en la regi\u00f3n.<\/p>\n\n\n\n<p>Tras una jornada de tres d\u00edas de movilizaciones, el Frente inform\u00f3 que hasta el momento se han contratado 42 especialistas para 18 \u00e1reas m\u00e9dicas. No obstante, voceros advirtieron que la oncolog\u00eda y la nefrolog\u00eda \u2014necesarias para atender casos de c\u00e1ncer y enfermedad renal cr\u00f3nica\u2014 siguen sin personal asignado.<\/p>\n\n\n\n<p>\u201cNo basta con tener un hospital nuevo. Si no se cubren las especialidades m\u00e1s urgentes, el derecho a la salud sigue siendo una promesa pendiente para nuestros pueblos\u201d, se\u00f1alaron.<\/p>\n\n\n\n<p>Tel\u00e9sforo Aguilar Villanueva, integrante del Frente, record\u00f3 que inicialmente el hospital ser\u00eda inaugurado el 16 de mayo con solo 13 especialistas, aunque sin nombres ni \u00e1reas definidas. D\u00edas despu\u00e9s, durante una reuni\u00f3n con el coordinador estatal del IMSS Bienestar, se inform\u00f3 que ya hay 42 especialistas contratados, lo cual fue confirmado tambi\u00e9n en la conferencia matutina del presidente.<\/p>\n\n\n\n<p>A pesar del avance, Aguilar Villanueva insisti\u00f3 en que ning\u00fan especialista en c\u00e1ncer ni en enfermedades renales ha sido designado, lo cual afecta directamente a pacientes que hoy deben trasladarse a otras regiones para recibir tratamiento, muchas veces sin los recursos necesarios.<\/p>\n\n\n\n<p>Otro de los puntos destacados fue la solicitud formal para dar de baja la clave del viejo Hospital General, y as\u00ed gestionar una nueva clave como hospital de especialidades, que permita formalizar y ampliar su operaci\u00f3n.<\/p>\n\n\n\n<p>El Frente tambi\u00e9n hizo un llamado a mejorar el acceso al hospital, especialmente el tramo que va desde el punto conocido como el Cristo hasta la entrada del nosocomio, que se encuentra en malas condiciones y representa una dificultad adicional para los pacientes en situaci\u00f3n vulnerable.<\/p>\n\n\n\n<p>Los representantes del Frente Popular se\u00f1alaron que mantendr\u00e1n una ruta de exigencia y seguimiento hacia los tres niveles de gobierno. Se espera que para mediados de julio el hospital cuente ya con la plantilla completa y con la clave formal de hospital de especialidades.<\/p>\n\n\n\n<p>\u201cToda la Monta\u00f1a hab\u00eda esperado por d\u00e9cadas contar con un hospital como este. Es un avance, s\u00ed, pero no debe quedarse a medias. Es urgente que el gobierno federal atienda a quienes viven con c\u00e1ncer, diabetes y enfermedad renal en nuestra regi\u00f3n\u201d, concluyeron.<\/p>\n","protected":false},"excerpt":{"rendered":"<p>&#8212; Reprocha el Frente Popular de la Monta\u00f1a (FPM) incumplimiento de promesa presidencial Cristina Serrano Tlapa de Comonfort, Guerrero, 8 de junio de 2025 \u2014 Aunque reconocen avances en el&hellip; <\/p>\n","protected":false},"author":34,"featured_media":92118,"comment_status":"open","ping_status":"open","sticky":false,"template":"","format":"standard","meta":{"fifu_image_url":"https:\/\/www.interaccionnoticias.com.mx\/wp-content\/uploads\/2025\/06\/250608-Frente-Popular-de-la-Montana.jpg","fifu_image_alt":"","footnotes":""},"categories":[23],"tags":[],"class_list":["post-92115","post","type-post","status-publish","format-standard","has-post-thumbnail","hentry","category-regionales"],"_links":{"self":[{"href":"https:\/\/www.interaccionnoticias.com.mx\/index.php?rest_route=\/wp\/v2\/posts\/92115","targetHints":{"allow":["GET"]}}],"collection":[{"href":"https:\/\/www.interaccionnoticias.com.mx\/index.php?rest_route=\/wp\/v2\/posts"}],"about":[{"href":"https:\/\/www.interaccionnoticias.com.mx\/index.php?rest_route=\/wp\/v2\/types\/post"}],"author":[{"embeddable":true,"href":"https:\/\/www.interaccionnoticias.com.mx\/index.php?rest_route=\/wp\/v2\/users\/34"}],"replies":[{"embeddable":true,"href":"https:\/\/www.interaccionnoticias.com.mx\/index.php?rest_route=%2Fwp%2Fv2%2Fcomments&post=92115"}],"version-history":[{"count":1,"href":"https:\/\/www.interaccionnoticias.com.mx\/index.php?rest_route=\/wp\/v2\/posts\/92115\/revisions"}],"predecessor-version":[{"id":92117,"href":"https:\/\/www.interaccionnoticias.com.mx\/index.php?rest_route=\/wp\/v2\/posts\/92115\/revisions\/92117"}],"wp:featuredmedia":[{"embeddable":true,"href":"https:\/\/www.interaccionnoticias.com.mx\/index.php?rest_route=\/wp\/v2\/media\/92118"}],"wp:attachment":[{"href":"https:\/\/www.interaccionnoticias.com.mx\/index.php?rest_route=%2Fwp%2Fv2%2Fmedia&parent=92115"}],"wp:term":[{"taxonomy":"category","embeddable":true,"href":"https:\/\/www.interaccionnoticias.com.mx\/index.php?rest_route=%2Fwp%2Fv2%2Fcategories&post=92115"},{"taxonomy":"post_tag","embeddable":true,"href":"https:\/\/www.interaccionnoticias.com.mx\/index.php?rest_route=%2Fwp%2Fv2%2Ftags&post=92115"}],"curies":[{"name":"wp","href":"https:\/\/api.w.org\/{rel}","templated":true}]}}