{"id":92110,"date":"2025-06-08T00:24:00","date_gmt":"2025-06-08T06:24:00","guid":{"rendered":"https:\/\/www.interaccionnoticias.com.mx\/?p=92110"},"modified":"2025-06-08T15:33:54","modified_gmt":"2025-06-08T21:33:54","slug":"otra-adolescente-desaparecida-en-acapulco-buscan-a-amairani-paola-martinez-juarez-de-14-anos","status":"publish","type":"post","link":"https:\/\/www.interaccionnoticias.com.mx\/?p=92110","title":{"rendered":"Otra adolescente desaparecida en Acapulco: buscan a Amairani Paola Mart\u00ednez Ju\u00e1rez, de 14 a\u00f1os"},"content":{"rendered":"\n<p><em><strong>&#8212; La buscan desde el 4 de junio<\/strong><\/em><\/p>\n\n\n\n<p><strong>Cristina Serrano<\/strong><\/p>\n\n\n\n<p><strong>Acapulco, Guerrero, 8 de junio de 2025 \u2014<\/strong> Se mantiene activa la b\u00fasqueda de Amairani Paola Mart\u00ednez Ju\u00e1rez, una adolescente de 14 a\u00f1os que fue vista por \u00faltima vez el pasado 4 de junio de 2025 en el municipio de Acapulco de Ju\u00e1rez, Guerrero.<\/p>\n\n\n\n<p>Amairani es de nacionalidad mexicana y al momento de su desaparici\u00f3n vest\u00eda un short corto de mezclilla y playera blanca.<\/p>\n\n\n\n<p>Seg\u00fan la descripci\u00f3n proporcionada por familiares, tiene complexi\u00f3n delgada, tez morena, estatura de 1.54 metros, y un peso aproximado de 48 kilogramos. Tiene ojos peque\u00f1os color caf\u00e9 claro, cabello abundante, casta\u00f1o oscuro y lacio, as\u00ed como cara ovalada, frente mediana, cejas delgadas, boca y labios medianos, y usa brackets. No presenta se\u00f1as particulares visibles.<\/p>\n\n\n\n<p>Hasta el momento, no se tienen pistas claras sobre su paradero. Familiares, amistades y colectivos han solicitado apoyo urgente para su localizaci\u00f3n, sum\u00e1ndose a la Alerta Violeta que fue activada por su desaparici\u00f3n.<\/p>\n\n\n\n<figure class=\"wp-block-gallery has-nested-images columns-default is-cropped wp-block-gallery-1 is-layout-flex wp-block-gallery-is-layout-flex\">\n<figure class=\"wp-block-image size-large\"><img decoding=\"async\" src=\"data:image\/gif;base64,R0lGODlhAQABAIAAAAAAAP\/\/\/ywAAAAAAQABAAACAUwAOw==\" fifu-lazy=\"1\" fifu-data-sizes=\"auto\" fifu-data-srcset=\"https:\/\/i2.wp.com\/www.interaccionnoticias.com.mx\/wp-content\/uploads\/2025\/06\/250608-Amairani-Paola-Martinez-Juarez.jpg?ssl=1&w=75&resize=75&ssl=1 75w, https:\/\/i2.wp.com\/www.interaccionnoticias.com.mx\/wp-content\/uploads\/2025\/06\/250608-Amairani-Paola-Martinez-Juarez.jpg?ssl=1&w=100&resize=100&ssl=1 100w, https:\/\/i2.wp.com\/www.interaccionnoticias.com.mx\/wp-content\/uploads\/2025\/06\/250608-Amairani-Paola-Martinez-Juarez.jpg?ssl=1&w=150&resize=150&ssl=1 150w, https:\/\/i2.wp.com\/www.interaccionnoticias.com.mx\/wp-content\/uploads\/2025\/06\/250608-Amairani-Paola-Martinez-Juarez.jpg?ssl=1&w=240&resize=240&ssl=1 240w, https:\/\/i2.wp.com\/www.interaccionnoticias.com.mx\/wp-content\/uploads\/2025\/06\/250608-Amairani-Paola-Martinez-Juarez.jpg?ssl=1&w=320&resize=320&ssl=1 320w, https:\/\/i2.wp.com\/www.interaccionnoticias.com.mx\/wp-content\/uploads\/2025\/06\/250608-Amairani-Paola-Martinez-Juarez.jpg?ssl=1&w=500&resize=500&ssl=1 500w, https:\/\/i2.wp.com\/www.interaccionnoticias.com.mx\/wp-content\/uploads\/2025\/06\/250608-Amairani-Paola-Martinez-Juarez.jpg?ssl=1&w=640&resize=640&ssl=1 640w, https:\/\/i2.wp.com\/www.interaccionnoticias.com.mx\/wp-content\/uploads\/2025\/06\/250608-Amairani-Paola-Martinez-Juarez.jpg?ssl=1&w=800&resize=800&ssl=1 800w, https:\/\/i2.wp.com\/www.interaccionnoticias.com.mx\/wp-content\/uploads\/2025\/06\/250608-Amairani-Paola-Martinez-Juarez.jpg?ssl=1&w=1024&resize=1024&ssl=1 1024w, https:\/\/i2.wp.com\/www.interaccionnoticias.com.mx\/wp-content\/uploads\/2025\/06\/250608-Amairani-Paola-Martinez-Juarez.jpg?ssl=1&w=1280&resize=1280&ssl=1 1280w, https:\/\/i2.wp.com\/www.interaccionnoticias.com.mx\/wp-content\/uploads\/2025\/06\/250608-Amairani-Paola-Martinez-Juarez.jpg?ssl=1&w=1600&resize=1600&ssl=1 1600w\" data-id=\"92111\" fifu-data-src=\"https:\/\/i2.wp.com\/www.interaccionnoticias.com.mx\/wp-content\/uploads\/2025\/06\/250608-Amairani-Paola-Martinez-Juarez.jpg?ssl=1\" alt=\"\" class=\"wp-image-92111\"\/><\/figure>\n<\/figure>\n","protected":false},"excerpt":{"rendered":"<p>&#8212; La buscan desde el 4 de junio Cristina Serrano Acapulco, Guerrero, 8 de junio de 2025 \u2014 Se mantiene activa la b\u00fasqueda de Amairani Paola Mart\u00ednez Ju\u00e1rez, una adolescente&hellip; <\/p>\n","protected":false},"author":34,"featured_media":92114,"comment_status":"open","ping_status":"open","sticky":false,"template":"","format":"standard","meta":{"fifu_image_url":"https:\/\/www.interaccionnoticias.com.mx\/wp-content\/uploads\/2025\/06\/250608-Amairani-Paola-Martinez.jpg","fifu_image_alt":"","footnotes":""},"categories":[247],"tags":[],"class_list":["post-92110","post","type-post","status-publish","format-standard","has-post-thumbnail","hentry","category-lo-has-visto"],"_links":{"self":[{"href":"https:\/\/www.interaccionnoticias.com.mx\/index.php?rest_route=\/wp\/v2\/posts\/92110","targetHints":{"allow":["GET"]}}],"collection":[{"href":"https:\/\/www.interaccionnoticias.com.mx\/index.php?rest_route=\/wp\/v2\/posts"}],"about":[{"href":"https:\/\/www.interaccionnoticias.com.mx\/index.php?rest_route=\/wp\/v2\/types\/post"}],"author":[{"embeddable":true,"href":"https:\/\/www.interaccionnoticias.com.mx\/index.php?rest_route=\/wp\/v2\/users\/34"}],"replies":[{"embeddable":true,"href":"https:\/\/www.interaccionnoticias.com.mx\/index.php?rest_route=%2Fwp%2Fv2%2Fcomments&post=92110"}],"version-history":[{"count":1,"href":"https:\/\/www.interaccionnoticias.com.mx\/index.php?rest_route=\/wp\/v2\/posts\/92110\/revisions"}],"predecessor-version":[{"id":92113,"href":"https:\/\/www.interaccionnoticias.com.mx\/index.php?rest_route=\/wp\/v2\/posts\/92110\/revisions\/92113"}],"wp:featuredmedia":[{"embeddable":true,"href":"https:\/\/www.interaccionnoticias.com.mx\/index.php?rest_route=\/wp\/v2\/media\/92114"}],"wp:attachment":[{"href":"https:\/\/www.interaccionnoticias.com.mx\/index.php?rest_route=%2Fwp%2Fv2%2Fmedia&parent=92110"}],"wp:term":[{"taxonomy":"category","embeddable":true,"href":"https:\/\/www.interaccionnoticias.com.mx\/index.php?rest_route=%2Fwp%2Fv2%2Fcategories&post=92110"},{"taxonomy":"post_tag","embeddable":true,"href":"https:\/\/www.interaccionnoticias.com.mx\/index.php?rest_route=%2Fwp%2Fv2%2Ftags&post=92110"}],"curies":[{"name":"wp","href":"https:\/\/api.w.org\/{rel}","templated":true}]}}