{"id":9208,"date":"2017-10-12T13:11:05","date_gmt":"2017-10-12T18:11:05","guid":{"rendered":"http:\/\/www.inter-accion.com.mx\/?p=9208"},"modified":"2017-10-12T13:11:05","modified_gmt":"2017-10-12T18:11:05","slug":"nada-aun-sobre-las-jovenes-desaparecidas-en-chilpancingo","status":"publish","type":"post","link":"https:\/\/www.interaccionnoticias.com.mx\/?p=9208","title":{"rendered":"Nada a\u00fan, sobre las j\u00f3venes desaparecidas en Chilpancingo"},"content":{"rendered":"<p>La polic\u00eda de Chilpancingo no tiene hasta el momento pistas sobre el paradero de dos jovencitas que ya fueron reportadas como desaparecidas por sus respectivas familias; F\u00e1tima Rodriguez Sandoval, de 15 a\u00f1os y Alejandra Manzanarez Hern\u00e1ndez.<br \/>\nDesde la jornada del lunes, F\u00e1tima Rodr\u00edguez, sali\u00f3 de la preparatoria n\u00famero uno, perteneciente a la Universidad Aut\u00f3noma de Guerrero (UAGro) y hasta el momento se desconoce su paradero, por lo que ya se emiti\u00f3 por ella la alerta Amber correspondiente.<br \/>\nDesde la tarde del mi\u00e9rcoles 11 de octubre, familiares y amigos reportaron que la joven Alejandra Manzanarez Hern\u00e1ndez, de 19 a\u00f1os de edad sali\u00f3 de su domicilio y nunca lleg\u00f3 hasta el punto en que ten\u00eda programadas algunas de sus actividades.<br \/>\nManzanarez Hern\u00e1ndez fue candidata a Flor de Noche buena en diciembre pasado, su familia solicit\u00f3 el apoyo de las autoridades a trav\u00e9s de las redes sociales para tratar dr ubicarla.<br \/>\nEsteban Espinosa Montoya, director de Seguridad P\u00fablica en la capital de Guerrero, dijo que el 11 dw octubre recibieron la infoaci\u00f3n de que una de las j\u00f3venes hab\u00eda sido&nbsp; observada en las inmediaciones de la barranca de Pezuapa, varios elementos acudieron al lugar, pero no tuvieron ningun confirmaci\u00f3n.<br \/>\nEspinosa Montoya manifest\u00f3 que la investigaci\u00f3n de las desapariciones le corresponde a la Fiscal\u00eda General del Estado (FGE), aunque destac\u00f3 que la polic\u00eda a su cargo tiene el reporte y hace lo que est\u00e1 en su \u00e1mbito de competencia.<br \/>\nEl funcionario indic\u00f3 qur hasta el momento, esos son los \u00fanicps casos reportados en materia de desaparici\u00f3n involuntaria.<\/p>\n","protected":false},"excerpt":{"rendered":"<p>La polic\u00eda de Chilpancingo no tiene hasta el momento pistas sobre el paradero de dos jovencitas que ya fueron reportadas como desaparecidas por sus respectivas familias; F\u00e1tima Rodriguez Sandoval, de&hellip; <\/p>\n","protected":false},"author":1,"featured_media":0,"comment_status":"closed","ping_status":"closed","sticky":false,"template":"","format":"standard","meta":{"fifu_image_url":"","fifu_image_alt":"","footnotes":""},"categories":[8,27],"tags":[],"class_list":["post-9208","post","type-post","status-publish","format-standard","hentry","category-featured","category-seguridad-publica"],"_links":{"self":[{"href":"https:\/\/www.interaccionnoticias.com.mx\/index.php?rest_route=\/wp\/v2\/posts\/9208","targetHints":{"allow":["GET"]}}],"collection":[{"href":"https:\/\/www.interaccionnoticias.com.mx\/index.php?rest_route=\/wp\/v2\/posts"}],"about":[{"href":"https:\/\/www.interaccionnoticias.com.mx\/index.php?rest_route=\/wp\/v2\/types\/post"}],"author":[{"embeddable":true,"href":"https:\/\/www.interaccionnoticias.com.mx\/index.php?rest_route=\/wp\/v2\/users\/1"}],"replies":[{"embeddable":true,"href":"https:\/\/www.interaccionnoticias.com.mx\/index.php?rest_route=%2Fwp%2Fv2%2Fcomments&post=9208"}],"version-history":[{"count":0,"href":"https:\/\/www.interaccionnoticias.com.mx\/index.php?rest_route=\/wp\/v2\/posts\/9208\/revisions"}],"wp:attachment":[{"href":"https:\/\/www.interaccionnoticias.com.mx\/index.php?rest_route=%2Fwp%2Fv2%2Fmedia&parent=9208"}],"wp:term":[{"taxonomy":"category","embeddable":true,"href":"https:\/\/www.interaccionnoticias.com.mx\/index.php?rest_route=%2Fwp%2Fv2%2Fcategories&post=9208"},{"taxonomy":"post_tag","embeddable":true,"href":"https:\/\/www.interaccionnoticias.com.mx\/index.php?rest_route=%2Fwp%2Fv2%2Ftags&post=9208"}],"curies":[{"name":"wp","href":"https:\/\/api.w.org\/{rel}","templated":true}]}}