{"id":9205,"date":"2017-10-12T12:56:19","date_gmt":"2017-10-12T17:56:19","guid":{"rendered":"http:\/\/www.inter-accion.com.mx\/?p=9205"},"modified":"2017-10-12T12:56:19","modified_gmt":"2017-10-12T17:56:19","slug":"chilpancingo-iniciara-juicio-contra-tixtla-por-relleno-sanitario-de-metlalapa","status":"publish","type":"post","link":"https:\/\/www.interaccionnoticias.com.mx\/?p=9205","title":{"rendered":"Chilpancingo iniciar\u00e1 juicio contra Tixtla por relleno sanitario de Metlalapa"},"content":{"rendered":"<p>El municipio de Chilpancingo iniciar\u00e1 Juicio de lo Contencioso Administrativo en contra de Ayuntamiento de Tixtla, para conseguir la autorizaci\u00f3n legal de utilizar el relleno sanitario ubicado en la comunidad de Metlalapa.<br \/>\nLa ma\u00f1ana de este jueves en rueda de prensa en las instalaciones del Ayuntamiento de Chilpancingo, el alcalde Marco Antonio Leyva Mena dio a conocer que las 67 hect\u00e1reas que comprenden el predio conocido como \u201cMetlalapa\u201d ubicado en el municipio de Tixtla son propiedad de la capital, por lo que se actuar\u00e1 de manera legal para iniciar labores en ellas.<br \/>\nLeyva Mena asegur\u00f3 que el Juicio de lo contencioso administrativo que iniciar\u00e1 su administraci\u00f3n en pr\u00f3ximas fechas no tiene la intenci\u00f3n de afectar a la ciudadan\u00eda de Tixtleca, se dirigir\u00e1 en contra de las autoridades que mantienen frenado un proyecto que beneficiar\u00eda a ambos municipios en la recolecci\u00f3n de sus desechos.<br \/>\nDestac\u00f3 que durante los cuatro meses que se realizaron labores en el predio ubicado en el municipio de Tixtla nunca existi\u00f3 resistencia de los pobladores a que se efectuara el proyecto, por lo que calific\u00f3 la postura actual de no permitir la activaci\u00f3n del predio del presidente municipal Hossein Navor Guill\u00e9n como un asunto de car\u00e1cter personal.<\/p>\n","protected":false},"excerpt":{"rendered":"<p>El municipio de Chilpancingo iniciar\u00e1 Juicio de lo Contencioso Administrativo en contra de Ayuntamiento de Tixtla, para conseguir la autorizaci\u00f3n legal de utilizar el relleno sanitario ubicado en la comunidad&hellip; <\/p>\n","protected":false},"author":1,"featured_media":0,"comment_status":"closed","ping_status":"closed","sticky":false,"template":"","format":"standard","meta":{"fifu_image_url":"","fifu_image_alt":"","footnotes":""},"categories":[13,8],"tags":[],"class_list":["post-9205","post","type-post","status-publish","format-standard","hentry","category-capital","category-featured"],"_links":{"self":[{"href":"https:\/\/www.interaccionnoticias.com.mx\/index.php?rest_route=\/wp\/v2\/posts\/9205","targetHints":{"allow":["GET"]}}],"collection":[{"href":"https:\/\/www.interaccionnoticias.com.mx\/index.php?rest_route=\/wp\/v2\/posts"}],"about":[{"href":"https:\/\/www.interaccionnoticias.com.mx\/index.php?rest_route=\/wp\/v2\/types\/post"}],"author":[{"embeddable":true,"href":"https:\/\/www.interaccionnoticias.com.mx\/index.php?rest_route=\/wp\/v2\/users\/1"}],"replies":[{"embeddable":true,"href":"https:\/\/www.interaccionnoticias.com.mx\/index.php?rest_route=%2Fwp%2Fv2%2Fcomments&post=9205"}],"version-history":[{"count":0,"href":"https:\/\/www.interaccionnoticias.com.mx\/index.php?rest_route=\/wp\/v2\/posts\/9205\/revisions"}],"wp:attachment":[{"href":"https:\/\/www.interaccionnoticias.com.mx\/index.php?rest_route=%2Fwp%2Fv2%2Fmedia&parent=9205"}],"wp:term":[{"taxonomy":"category","embeddable":true,"href":"https:\/\/www.interaccionnoticias.com.mx\/index.php?rest_route=%2Fwp%2Fv2%2Fcategories&post=9205"},{"taxonomy":"post_tag","embeddable":true,"href":"https:\/\/www.interaccionnoticias.com.mx\/index.php?rest_route=%2Fwp%2Fv2%2Ftags&post=9205"}],"curies":[{"name":"wp","href":"https:\/\/api.w.org\/{rel}","templated":true}]}}