{"id":92041,"date":"2025-06-06T17:34:00","date_gmt":"2025-06-06T23:34:00","guid":{"rendered":"https:\/\/www.interaccionnoticias.com.mx\/?p=92041"},"modified":"2025-06-07T01:11:03","modified_gmt":"2025-06-07T07:11:03","slug":"se-aplicaran-sanciones-en-chilpancingo-para-negocios-que-utilicen-plasticos-y-unicel","status":"publish","type":"post","link":"https:\/\/www.interaccionnoticias.com.mx\/?p=92041","title":{"rendered":"Se aplicar\u00e1n sanciones en Chilpancingo para negocios que utilicen pl\u00e1sticos y unicel"},"content":{"rendered":"\n<p><strong><em>&#8212; Se requiere modificar la ley y prohibir los utensilios de un s\u00f3lo uso<br>&#8212; Necesario que las empresas que producen unicel paguen impuestos m\u00e1s elevados, consider\u00f3 el secretario del Medio Ambiente de Chilpancingo, Tulio Estrata Ap\u00e1tiga<\/em><\/strong><\/p>\n\n\n\n<p><strong>Rosario Garc\u00eda Orozco<\/strong><\/p>\n\n\n\n<p>El secretario del Medio Ambiente del ayuntamiento de Chilpancingo, Tulio Estrada Ap\u00e1tiga anunci\u00f3 que en pr\u00f3ximos d\u00edas se empezar\u00e1n a aplicar sanciones a los negocios que sigan utilizando utensilios de pl\u00e1stico y unicel, por el da\u00f1o que causan esos materiales a la naturaleza.<\/p>\n\n\n\n<p>Record\u00f3 que hace m\u00e1s de 20 a\u00f1os hubo una iniciativa del Congreso federal para grabar con impuestos extra a todas las empresas fabricantes de pl\u00e1sticos y unicel, y \u00abma\u00f1osa mente esas empresas crearon el famoso ECOCE, que se comprometi\u00f3 a sacar todo el pl\u00e1stico del medio ambiente, pero no sacan ni el 10 por ciento, entonces se debe reformar de nueva cuenta y grabar a esas empresas con impuestos elevados\u00bb.<\/p>\n\n\n\n<p>Explic\u00f3 que hay municipios del estado de Oaxaca que no permiten que entren pl\u00e1sticos y sus utensilios con de vidrio, \u00abese es un ejemplo de que se pueden hacer bien las cosas\u00bb, por lo que adelant\u00f3 que pr\u00f3ximamente en Chilpancingo se empezar\u00e1 a aplicar una estrategia similar, y sancionar a quienes no cumplan con esa normativa.<\/p>\n\n\n\n<p>Agreg\u00f3 que en el marco del D\u00eda Mundial del Medio Ambiente es importante hacer conciencia del da\u00f1o que se genera a la naturaleza, por lo que el \u00e1rea a su cargo trabaja en el dise\u00f1o de estrategias para reducir el uso de pl\u00e1sticos y minimizar su impacto ambiental, adem\u00e1s de promover un manejo m\u00e1s eficiente de los residuos.<\/p>\n\n\n\n<p>Dijo que hay estudios que revelan que ya se ha encontrado residuos de pl\u00e1stico en sangre humana, adem\u00e1s de otros an\u00e1lisis que arrojan resultados preocupantes como el hecho de que en animales no s\u00f3lo se han encontrado pl\u00e1sticos, sino tambi\u00e9n metales pesados como ars\u00e9nico, de tal manera que esa afectaci\u00f3n es m\u00e1s complicada cada d\u00eda.<\/p>\n\n\n\n<p>Estrada Ap\u00e1tiga coment\u00f3 que algunas de las acciones encaminadas a la protecci\u00f3n del medio ambiente que se llevan a cabo en la actual administraci\u00f3n municipal, son la atenci\u00f3n del cambio clim\u00e1tico, el manejo de los residuos s\u00f3lidos y el cuidado de \u00e1reas verdes.<\/p>\n\n\n\n<p><\/p>\n\n\n\n<p><\/p>\n\n\n\n<p><\/p>\n\n\n\n<p><\/p>\n","protected":false},"excerpt":{"rendered":"<p>&#8212; Se requiere modificar la ley y prohibir los utensilios de un s\u00f3lo uso&#8212; Necesario que las empresas que producen unicel paguen impuestos m\u00e1s elevados, consider\u00f3 el secretario del Medio&hellip; <\/p>\n","protected":false},"author":14,"featured_media":92044,"comment_status":"open","ping_status":"open","sticky":false,"template":"","format":"standard","meta":{"fifu_image_url":"https:\/\/www.interaccionnoticias.com.mx\/wp-content\/uploads\/2025\/06\/250607-Tulio-Estrata-Apatiga.jpg","fifu_image_alt":"","footnotes":""},"categories":[13],"tags":[],"class_list":["post-92041","post","type-post","status-publish","format-standard","has-post-thumbnail","hentry","category-capital"],"_links":{"self":[{"href":"https:\/\/www.interaccionnoticias.com.mx\/index.php?rest_route=\/wp\/v2\/posts\/92041","targetHints":{"allow":["GET"]}}],"collection":[{"href":"https:\/\/www.interaccionnoticias.com.mx\/index.php?rest_route=\/wp\/v2\/posts"}],"about":[{"href":"https:\/\/www.interaccionnoticias.com.mx\/index.php?rest_route=\/wp\/v2\/types\/post"}],"author":[{"embeddable":true,"href":"https:\/\/www.interaccionnoticias.com.mx\/index.php?rest_route=\/wp\/v2\/users\/14"}],"replies":[{"embeddable":true,"href":"https:\/\/www.interaccionnoticias.com.mx\/index.php?rest_route=%2Fwp%2Fv2%2Fcomments&post=92041"}],"version-history":[{"count":1,"href":"https:\/\/www.interaccionnoticias.com.mx\/index.php?rest_route=\/wp\/v2\/posts\/92041\/revisions"}],"predecessor-version":[{"id":92043,"href":"https:\/\/www.interaccionnoticias.com.mx\/index.php?rest_route=\/wp\/v2\/posts\/92041\/revisions\/92043"}],"wp:featuredmedia":[{"embeddable":true,"href":"https:\/\/www.interaccionnoticias.com.mx\/index.php?rest_route=\/wp\/v2\/media\/92044"}],"wp:attachment":[{"href":"https:\/\/www.interaccionnoticias.com.mx\/index.php?rest_route=%2Fwp%2Fv2%2Fmedia&parent=92041"}],"wp:term":[{"taxonomy":"category","embeddable":true,"href":"https:\/\/www.interaccionnoticias.com.mx\/index.php?rest_route=%2Fwp%2Fv2%2Fcategories&post=92041"},{"taxonomy":"post_tag","embeddable":true,"href":"https:\/\/www.interaccionnoticias.com.mx\/index.php?rest_route=%2Fwp%2Fv2%2Ftags&post=92041"}],"curies":[{"name":"wp","href":"https:\/\/api.w.org\/{rel}","templated":true}]}}