{"id":92036,"date":"2025-06-06T17:24:00","date_gmt":"2025-06-06T23:24:00","guid":{"rendered":"https:\/\/www.interaccionnoticias.com.mx\/?p=92036"},"modified":"2025-06-06T18:54:46","modified_gmt":"2025-06-07T00:54:46","slug":"sobrevivientes-y-viudas-de-la-masacre-del-charco-plantean-el-dialogo-con-la-gobernadora-evelyn-salgado","status":"publish","type":"post","link":"https:\/\/www.interaccionnoticias.com.mx\/?p=92036","title":{"rendered":"Sobrevivientes y viudas de la masacre del Charco plantean el dialogo con la gobernadora Evelyn Salgado"},"content":{"rendered":"\n<p><strong><em>&#8212; Para exponer la situaci\u00f3n de abandono en que se encuentran, aseguran<br>&#8212; Justicia para las v\u00edctimas y reparaci\u00f3n del da\u00f1o, lo que solicitar\u00e1n<\/em><\/strong><\/p>\n\n\n\n<p><strong>Rogelio Agust\u00edn<\/strong><\/p>\n\n\n\n<p>Viudas y sobrevivientes de la masacre del Charco, municipio de Ayutla de los Libres solictaron una reuni\u00f3n con la gobernadora Evelyn Salgado Pineda y con la presidenta de la Rep\u00fablica, Claudia Sheinbaum Pardo, a 27 a\u00f1os de los hechos registrados en la escuela primaria Caritino Maldonado P\u00e9rez, donde fueron asesinados 11 indigenas mixtecos.<\/p>\n\n\n\n<p>En la v\u00edspera del 27 aniversario de la masacre que deriv\u00f3 en la aparici\u00f3n p\u00fablica del Ej\u00e9rcito Revolucionario del Pueblo Insurgente (ERPI), un grupo de viudas, sobrevivientes e hijos de las v\u00edctimas realizaron un mitin en la alameda Granados Maldonado de Chilpancingo.<\/p>\n\n\n\n<p>Ah\u00ed, la se\u00f1ora Eustolia Castro, una de las viudas que dej\u00f3 el ataque perpetrado por elementos del Ej\u00e9rcito Mexicano dijo que es necesario que haya voluntad para que en un primer momento las reciba la gobernadora Evelyn Salgado Pineda y posteriormente la presidenta Claudia Sheinbaum Pardo.<\/p>\n\n\n\n<p>Indic\u00f3 que sus planteamientos son claros; justicia para los asesinados, reparaci\u00f3n del da\u00f1o y un plan de justicia para la comunidad, porque hasta la fecha permanece en el abandono institucional.<\/p>\n\n\n\n<p>\u201cEl gobierno deberia darmos una audiencia para que podamos decir nuestro sentir desde que pasaron esos hechos, nunca hemos estado en una mesa de dialogo o en alg\u00fan espacio donde nos digan c\u00f3mo pueden reparar el da\u00f1o\u201d, anot\u00f3.<\/p>\n\n\n\n<p>La se\u00f1ora Castro record\u00f3 que varios de los sobrevivientes ya murieron, algunas de las viudas ya son adultas mayores y no pudieron viajar a Chilpancingo para dar a conocer la situaci\u00f3n en que se encuentran.<\/p>\n\n\n\n<p>Insiti\u00f3: \u201cPudi\u00e9ramos decir muchas cosas, pero lo que m\u00e1s nos interesa es que el gobierno nos escuche, que nos d\u00e9 un espacio para que nosotros podamos dar a conocer c\u00f3mo estamos, porque hasta la fecha no sabemos de alg\u00fan soldado que haya sido sancionado por haber matado a nuestros familiares\u201d.<\/p>\n\n\n\n<p>La se\u00f1ora Eustolia rechaz\u00f3 que las viudas, los sobrevivientes y los hijos de las v\u00edctimas mortales hayan recibido alg\u00fan apoyo a manera de reparaci\u00f3n del da\u00f1o, aunque haya ex funcionarios y hasta organizaciones sociales que digan lo contrario.<\/p>\n\n\n\n<p>\u201cUna vez, como miembro de una organizaci\u00f3n nos reunimos con el secretario general de Gobierno, \u00e9l me dijo que ya nos hab\u00edan dado un apoyo, ante lo que yo le exigi que me presentara una prueba de lo que nos estaba diciendo, lo que al final reconoci\u00f3 que no era cierto\u201d, anot\u00f3.<\/p>\n\n\n\n<p>Admiti\u00f3 que tras la masacre del 7 de junio de 1997, hubo quienes se beneficieron de los hechos y de las movilizaciones que se desarrollaron despu\u00e9s, entre ellos mencion\u00f3 al ex alcalde de Ayutla Odil\u00f3n Romero Guti\u00e9rrez, que realiz\u00f3 algunas gestiones que no llegaron a las familias de las v\u00edctimas.<\/p>\n\n\n\n<p>Abel Barrera Hern\u00e1ndez, director del Centro de Derechos Humanos de la Monta\u00f1a (CDHM), Tlachinollan, dijo que las familias y sobrevivientes de la masacre permanecen en el abandono, incluso todav\u00eda son objeto de criminalizaci\u00f3n.<\/p>\n\n\n\n<p>El Charco y las comunidades vecinas, indic\u00f3 que se encuentran abandonadas, sin servicios elementales.<\/p>\n\n\n\n<p>La escuela Caritino Maldonado, donde estaban las v\u00edctimas mortales sigue abandonada, lo que refleja una represalia institucional.<\/p>\n\n\n\n<p>Coincidi\u00f3 en el hecho de que a la fecha, no se ha precisado en contra de ninguno de los militares que perpetraron la agresi\u00f3n armada contra los 11 mixtecos acribillados, lo que representa tambi\u00e9n un encubrimiento institucional.<\/p>\n\n\n\n<p>Una investigaci\u00f3n sobre el caso, dijo que debe alcanzar al ex gobernador \u00c1ngel Aguirre Rivero y al ex presidente de la Rep\u00fablica, Ernesto Zedillo Ponce de Le\u00f3n, quien advirti\u00f3 en ese tiempo que contra los sobrevivientes caer\u00eda todo el peso de la ley.<\/p>\n\n\n\n<figure class=\"wp-block-gallery has-nested-images columns-default is-cropped wp-block-gallery-1 is-layout-flex wp-block-gallery-is-layout-flex\">\n<figure class=\"wp-block-image size-large\"><img decoding=\"async\" src=\"data:image\/gif;base64,R0lGODlhAQABAIAAAAAAAP\/\/\/ywAAAAAAQABAAACAUwAOw==\" fifu-lazy=\"1\" fifu-data-sizes=\"auto\" fifu-data-srcset=\"https:\/\/i1.wp.com\/www.interaccionnoticias.com.mx\/wp-content\/uploads\/2025\/06\/250606-Sobrevivientes-del-Charco-1-1024x683.jpg?ssl=1&w=75&resize=75&ssl=1 75w, https:\/\/i1.wp.com\/www.interaccionnoticias.com.mx\/wp-content\/uploads\/2025\/06\/250606-Sobrevivientes-del-Charco-1-1024x683.jpg?ssl=1&w=100&resize=100&ssl=1 100w, https:\/\/i1.wp.com\/www.interaccionnoticias.com.mx\/wp-content\/uploads\/2025\/06\/250606-Sobrevivientes-del-Charco-1-1024x683.jpg?ssl=1&w=150&resize=150&ssl=1 150w, https:\/\/i1.wp.com\/www.interaccionnoticias.com.mx\/wp-content\/uploads\/2025\/06\/250606-Sobrevivientes-del-Charco-1-1024x683.jpg?ssl=1&w=240&resize=240&ssl=1 240w, https:\/\/i1.wp.com\/www.interaccionnoticias.com.mx\/wp-content\/uploads\/2025\/06\/250606-Sobrevivientes-del-Charco-1-1024x683.jpg?ssl=1&w=320&resize=320&ssl=1 320w, https:\/\/i1.wp.com\/www.interaccionnoticias.com.mx\/wp-content\/uploads\/2025\/06\/250606-Sobrevivientes-del-Charco-1-1024x683.jpg?ssl=1&w=500&resize=500&ssl=1 500w, https:\/\/i1.wp.com\/www.interaccionnoticias.com.mx\/wp-content\/uploads\/2025\/06\/250606-Sobrevivientes-del-Charco-1-1024x683.jpg?ssl=1&w=640&resize=640&ssl=1 640w, https:\/\/i1.wp.com\/www.interaccionnoticias.com.mx\/wp-content\/uploads\/2025\/06\/250606-Sobrevivientes-del-Charco-1-1024x683.jpg?ssl=1&w=800&resize=800&ssl=1 800w, https:\/\/i1.wp.com\/www.interaccionnoticias.com.mx\/wp-content\/uploads\/2025\/06\/250606-Sobrevivientes-del-Charco-1-1024x683.jpg?ssl=1&w=1024&resize=1024&ssl=1 1024w, https:\/\/i1.wp.com\/www.interaccionnoticias.com.mx\/wp-content\/uploads\/2025\/06\/250606-Sobrevivientes-del-Charco-1-1024x683.jpg?ssl=1&w=1280&resize=1280&ssl=1 1280w, https:\/\/i1.wp.com\/www.interaccionnoticias.com.mx\/wp-content\/uploads\/2025\/06\/250606-Sobrevivientes-del-Charco-1-1024x683.jpg?ssl=1&w=1600&resize=1600&ssl=1 1600w\" data-id=\"92038\" fifu-data-src=\"https:\/\/i1.wp.com\/www.interaccionnoticias.com.mx\/wp-content\/uploads\/2025\/06\/250606-Sobrevivientes-del-Charco-1-1024x683.jpg?ssl=1\" alt=\"\" class=\"wp-image-92038\"\/><\/figure>\n\n\n\n<figure class=\"wp-block-image size-large\"><img decoding=\"async\" src=\"data:image\/gif;base64,R0lGODlhAQABAIAAAAAAAP\/\/\/ywAAAAAAQABAAACAUwAOw==\" fifu-lazy=\"1\" fifu-data-sizes=\"auto\" fifu-data-srcset=\"https:\/\/i3.wp.com\/www.interaccionnoticias.com.mx\/wp-content\/uploads\/2025\/06\/250606-Sobrevivientes-del-Charco-1024x683.jpg?ssl=1&w=75&resize=75&ssl=1 75w, https:\/\/i3.wp.com\/www.interaccionnoticias.com.mx\/wp-content\/uploads\/2025\/06\/250606-Sobrevivientes-del-Charco-1024x683.jpg?ssl=1&w=100&resize=100&ssl=1 100w, https:\/\/i3.wp.com\/www.interaccionnoticias.com.mx\/wp-content\/uploads\/2025\/06\/250606-Sobrevivientes-del-Charco-1024x683.jpg?ssl=1&w=150&resize=150&ssl=1 150w, https:\/\/i3.wp.com\/www.interaccionnoticias.com.mx\/wp-content\/uploads\/2025\/06\/250606-Sobrevivientes-del-Charco-1024x683.jpg?ssl=1&w=240&resize=240&ssl=1 240w, https:\/\/i3.wp.com\/www.interaccionnoticias.com.mx\/wp-content\/uploads\/2025\/06\/250606-Sobrevivientes-del-Charco-1024x683.jpg?ssl=1&w=320&resize=320&ssl=1 320w, https:\/\/i3.wp.com\/www.interaccionnoticias.com.mx\/wp-content\/uploads\/2025\/06\/250606-Sobrevivientes-del-Charco-1024x683.jpg?ssl=1&w=500&resize=500&ssl=1 500w, https:\/\/i3.wp.com\/www.interaccionnoticias.com.mx\/wp-content\/uploads\/2025\/06\/250606-Sobrevivientes-del-Charco-1024x683.jpg?ssl=1&w=640&resize=640&ssl=1 640w, https:\/\/i3.wp.com\/www.interaccionnoticias.com.mx\/wp-content\/uploads\/2025\/06\/250606-Sobrevivientes-del-Charco-1024x683.jpg?ssl=1&w=800&resize=800&ssl=1 800w, https:\/\/i3.wp.com\/www.interaccionnoticias.com.mx\/wp-content\/uploads\/2025\/06\/250606-Sobrevivientes-del-Charco-1024x683.jpg?ssl=1&w=1024&resize=1024&ssl=1 1024w, https:\/\/i3.wp.com\/www.interaccionnoticias.com.mx\/wp-content\/uploads\/2025\/06\/250606-Sobrevivientes-del-Charco-1024x683.jpg?ssl=1&w=1280&resize=1280&ssl=1 1280w, https:\/\/i3.wp.com\/www.interaccionnoticias.com.mx\/wp-content\/uploads\/2025\/06\/250606-Sobrevivientes-del-Charco-1024x683.jpg?ssl=1&w=1600&resize=1600&ssl=1 1600w\" data-id=\"92037\" fifu-data-src=\"https:\/\/i3.wp.com\/www.interaccionnoticias.com.mx\/wp-content\/uploads\/2025\/06\/250606-Sobrevivientes-del-Charco-1024x683.jpg?ssl=1\" alt=\"\" class=\"wp-image-92037\"\/><\/figure>\n<\/figure>\n\n\n\n<p><\/p>\n","protected":false},"excerpt":{"rendered":"<p>&#8212; Para exponer la situaci\u00f3n de abandono en que se encuentran, aseguran&#8212; Justicia para las v\u00edctimas y reparaci\u00f3n del da\u00f1o, lo que solicitar\u00e1n Rogelio Agust\u00edn Viudas y sobrevivientes de la&hellip; <\/p>\n","protected":false},"author":21,"featured_media":92040,"comment_status":"open","ping_status":"open","sticky":false,"template":"","format":"standard","meta":{"fifu_image_url":"https:\/\/www.interaccionnoticias.com.mx\/wp-content\/uploads\/2025\/06\/250606-Sobrevivientes-del-Charco-1024x683.jpg","fifu_image_alt":"","footnotes":""},"categories":[11],"tags":[],"class_list":["post-92036","post","type-post","status-publish","format-standard","has-post-thumbnail","hentry","category-guerrero"],"_links":{"self":[{"href":"https:\/\/www.interaccionnoticias.com.mx\/index.php?rest_route=\/wp\/v2\/posts\/92036","targetHints":{"allow":["GET"]}}],"collection":[{"href":"https:\/\/www.interaccionnoticias.com.mx\/index.php?rest_route=\/wp\/v2\/posts"}],"about":[{"href":"https:\/\/www.interaccionnoticias.com.mx\/index.php?rest_route=\/wp\/v2\/types\/post"}],"author":[{"embeddable":true,"href":"https:\/\/www.interaccionnoticias.com.mx\/index.php?rest_route=\/wp\/v2\/users\/21"}],"replies":[{"embeddable":true,"href":"https:\/\/www.interaccionnoticias.com.mx\/index.php?rest_route=%2Fwp%2Fv2%2Fcomments&post=92036"}],"version-history":[{"count":1,"href":"https:\/\/www.interaccionnoticias.com.mx\/index.php?rest_route=\/wp\/v2\/posts\/92036\/revisions"}],"predecessor-version":[{"id":92039,"href":"https:\/\/www.interaccionnoticias.com.mx\/index.php?rest_route=\/wp\/v2\/posts\/92036\/revisions\/92039"}],"wp:featuredmedia":[{"embeddable":true,"href":"https:\/\/www.interaccionnoticias.com.mx\/index.php?rest_route=\/wp\/v2\/media\/92040"}],"wp:attachment":[{"href":"https:\/\/www.interaccionnoticias.com.mx\/index.php?rest_route=%2Fwp%2Fv2%2Fmedia&parent=92036"}],"wp:term":[{"taxonomy":"category","embeddable":true,"href":"https:\/\/www.interaccionnoticias.com.mx\/index.php?rest_route=%2Fwp%2Fv2%2Fcategories&post=92036"},{"taxonomy":"post_tag","embeddable":true,"href":"https:\/\/www.interaccionnoticias.com.mx\/index.php?rest_route=%2Fwp%2Fv2%2Ftags&post=92036"}],"curies":[{"name":"wp","href":"https:\/\/api.w.org\/{rel}","templated":true}]}}