{"id":91959,"date":"2025-06-06T11:58:46","date_gmt":"2025-06-06T17:58:46","guid":{"rendered":"https:\/\/www.interaccionnoticias.com.mx\/?p=91959"},"modified":"2025-06-06T11:58:47","modified_gmt":"2025-06-06T17:58:47","slug":"fallece-jose-alfredo-tico-mendoza-comediante-de-la-costa-chica","status":"publish","type":"post","link":"https:\/\/www.interaccionnoticias.com.mx\/?p=91959","title":{"rendered":"Fallece Jos\u00e9 Alfredo \u201cTico\u201d Mendoza, comediante de la Costa Chica"},"content":{"rendered":"\n<p><strong><em>&#8212; Por complicaciones de salud<\/em><\/strong><\/p>\n\n\n\n<p><strong>Cristina Sierra<\/strong><\/p>\n\n\n\n<p><strong>6 de junio de 2025. \u2014<\/strong> Este viernes se confirm\u00f3 el fallecimiento de Jos\u00e9 Alfredo Mendoza L\u00f3pez, mejor conocido como \u201cTico Mendoza\u201d, reconocido comediante originario de la regi\u00f3n de la Costa Chica de Guerrero, tras complicaciones de salud.<\/p>\n\n\n\n<p>Apenas el d\u00eda anterior, el propio artista hab\u00eda publicado un video para desmentir rumores sobre su presunto fallecimiento, asegurando que se encontraba delicado, pero con vida. En el video pidi\u00f3 a sus seguidores \u201cno caer en la mala informaci\u00f3n\u201d, ante la difusi\u00f3n de noticias falsas sobre su estado de salud.<\/p>\n\n\n\n<p>Sin embargo, en las primeras horas de este s\u00e1bado, allegados a la familia confirmaron su muerte, aunque hasta el momento no se han dado detalles espec\u00edficos sobre la causa.<\/p>\n","protected":false},"excerpt":{"rendered":"<p>&#8212; Por complicaciones de salud Cristina Sierra 6 de junio de 2025. \u2014 Este viernes se confirm\u00f3 el fallecimiento de Jos\u00e9 Alfredo Mendoza L\u00f3pez, mejor conocido como \u201cTico Mendoza\u201d, reconocido&hellip; <\/p>\n","protected":false},"author":19,"featured_media":91962,"comment_status":"open","ping_status":"open","sticky":false,"template":"","format":"standard","meta":{"fifu_image_url":"https:\/\/www.interaccionnoticias.com.mx\/wp-content\/uploads\/2025\/06\/250606-Tico-Mendoza.jpg","fifu_image_alt":"","footnotes":""},"categories":[11],"tags":[],"class_list":["post-91959","post","type-post","status-publish","format-standard","has-post-thumbnail","hentry","category-guerrero"],"_links":{"self":[{"href":"https:\/\/www.interaccionnoticias.com.mx\/index.php?rest_route=\/wp\/v2\/posts\/91959","targetHints":{"allow":["GET"]}}],"collection":[{"href":"https:\/\/www.interaccionnoticias.com.mx\/index.php?rest_route=\/wp\/v2\/posts"}],"about":[{"href":"https:\/\/www.interaccionnoticias.com.mx\/index.php?rest_route=\/wp\/v2\/types\/post"}],"author":[{"embeddable":true,"href":"https:\/\/www.interaccionnoticias.com.mx\/index.php?rest_route=\/wp\/v2\/users\/19"}],"replies":[{"embeddable":true,"href":"https:\/\/www.interaccionnoticias.com.mx\/index.php?rest_route=%2Fwp%2Fv2%2Fcomments&post=91959"}],"version-history":[{"count":1,"href":"https:\/\/www.interaccionnoticias.com.mx\/index.php?rest_route=\/wp\/v2\/posts\/91959\/revisions"}],"predecessor-version":[{"id":91961,"href":"https:\/\/www.interaccionnoticias.com.mx\/index.php?rest_route=\/wp\/v2\/posts\/91959\/revisions\/91961"}],"wp:featuredmedia":[{"embeddable":true,"href":"https:\/\/www.interaccionnoticias.com.mx\/index.php?rest_route=\/wp\/v2\/media\/91962"}],"wp:attachment":[{"href":"https:\/\/www.interaccionnoticias.com.mx\/index.php?rest_route=%2Fwp%2Fv2%2Fmedia&parent=91959"}],"wp:term":[{"taxonomy":"category","embeddable":true,"href":"https:\/\/www.interaccionnoticias.com.mx\/index.php?rest_route=%2Fwp%2Fv2%2Fcategories&post=91959"},{"taxonomy":"post_tag","embeddable":true,"href":"https:\/\/www.interaccionnoticias.com.mx\/index.php?rest_route=%2Fwp%2Fv2%2Ftags&post=91959"}],"curies":[{"name":"wp","href":"https:\/\/api.w.org\/{rel}","templated":true}]}}