{"id":9194,"date":"2017-10-11T21:57:47","date_gmt":"2017-10-12T02:57:47","guid":{"rendered":"http:\/\/www.inter-accion.com.mx\/?p=9194"},"modified":"2017-10-11T21:57:47","modified_gmt":"2017-10-12T02:57:47","slug":"discrepan-perredistas-por-candidatura-a-la-alcaldia-de-chilpancingo","status":"publish","type":"post","link":"https:\/\/www.interaccionnoticias.com.mx\/?p=9194","title":{"rendered":"Discrepan perredistas por candidatura a la alcald\u00eda de Chilpancingo"},"content":{"rendered":"<p>Integrantes del Comit\u00e9 Ejecutivo Estatal (CEE) del Partido de la Revoluci\u00f3n Democr\u00e1tica (PRD), se\u00f1alaron que el ex diputado local Antonio Gaspar Beltr\u00e1n, podr\u00eda ser su candidato a alcalde de Chilpancingo.<br \/>\nEl mensaje fue colocado en redes sociales por la Secretaria de Movimientos Sociales del PRD, Blanca Alicia Camacho de la Cruz, tras una reuni\u00f3n sostenida con otros tres encargados de carteras del partido del sol azteca, incluido Gaspar Beltr\u00e1n.<br \/>\nEl pronunciamiento de Camacho de la Cruz, inmediatamente gener\u00f3 la desaprobaci\u00f3n del coordinador de Movimiento Alternativo Social (MAS) y ex presidente de la Comisi\u00f3n de Gobierno del Congreso del Estado, Bernardo Ortega Jim\u00e9nez.<br \/>\nEl l\u00edder de MAS, critic\u00f3 la forma de \u201chacer unidad\u201d de sus compa\u00f1eros de partido y aprovech\u00f3 para dar a conocer que el ex comunicador Alejandro Mendoza Pastrana, ser\u00eda su abanderado para llegar a la alcald\u00eda de Chilpancingo en las elecciones del pr\u00f3ximo 1 de julio.<br \/>\n\u201cNo, as\u00ed no se construye la unidad mis secretarios, el candidato de MAS es Alejandro Mendoza y ser\u00e1 nuestro presidente municipal de Chilpancingo\u201d, respondi\u00f3.<br \/>\nA nivel local, Mendoza Pastrana ha participado como candidato a la alcald\u00eda en dos ocasiones, una en 2008 y 2012, donde fue superado ampliamente por H\u00e9ctor Astudillo Flores, actual gobernador del estado y por Mario Moreno Arcos.<br \/>\nEn el caso de Gaspar Beltr\u00e1n, fue candidato a la alcald\u00eda capitalina en 2015, pero fue superado en la jornada electoral por el priista Marco Antonio Leyva Mena, actual presidente municipal.<\/p>\n","protected":false},"excerpt":{"rendered":"<p>Integrantes del Comit\u00e9 Ejecutivo Estatal (CEE) del Partido de la Revoluci\u00f3n Democr\u00e1tica (PRD), se\u00f1alaron que el ex diputado local Antonio Gaspar Beltr\u00e1n, podr\u00eda ser su candidato a alcalde de Chilpancingo.&hellip; <\/p>\n","protected":false},"author":1,"featured_media":0,"comment_status":"closed","ping_status":"closed","sticky":false,"template":"","format":"standard","meta":{"fifu_image_url":"","fifu_image_alt":"","footnotes":""},"categories":[8,18],"tags":[],"class_list":["post-9194","post","type-post","status-publish","format-standard","hentry","category-featured","category-partidos-politicos"],"_links":{"self":[{"href":"https:\/\/www.interaccionnoticias.com.mx\/index.php?rest_route=\/wp\/v2\/posts\/9194","targetHints":{"allow":["GET"]}}],"collection":[{"href":"https:\/\/www.interaccionnoticias.com.mx\/index.php?rest_route=\/wp\/v2\/posts"}],"about":[{"href":"https:\/\/www.interaccionnoticias.com.mx\/index.php?rest_route=\/wp\/v2\/types\/post"}],"author":[{"embeddable":true,"href":"https:\/\/www.interaccionnoticias.com.mx\/index.php?rest_route=\/wp\/v2\/users\/1"}],"replies":[{"embeddable":true,"href":"https:\/\/www.interaccionnoticias.com.mx\/index.php?rest_route=%2Fwp%2Fv2%2Fcomments&post=9194"}],"version-history":[{"count":0,"href":"https:\/\/www.interaccionnoticias.com.mx\/index.php?rest_route=\/wp\/v2\/posts\/9194\/revisions"}],"wp:attachment":[{"href":"https:\/\/www.interaccionnoticias.com.mx\/index.php?rest_route=%2Fwp%2Fv2%2Fmedia&parent=9194"}],"wp:term":[{"taxonomy":"category","embeddable":true,"href":"https:\/\/www.interaccionnoticias.com.mx\/index.php?rest_route=%2Fwp%2Fv2%2Fcategories&post=9194"},{"taxonomy":"post_tag","embeddable":true,"href":"https:\/\/www.interaccionnoticias.com.mx\/index.php?rest_route=%2Fwp%2Fv2%2Ftags&post=9194"}],"curies":[{"name":"wp","href":"https:\/\/api.w.org\/{rel}","templated":true}]}}