{"id":91900,"date":"2025-06-05T14:19:01","date_gmt":"2025-06-05T20:19:01","guid":{"rendered":"https:\/\/www.interaccionnoticias.com.mx\/?p=91900"},"modified":"2025-06-05T14:19:03","modified_gmt":"2025-06-05T20:19:03","slug":"desestima-titular-de-la-seg-ausencia-de-docentes-de-la-ceteg","status":"publish","type":"post","link":"https:\/\/www.interaccionnoticias.com.mx\/?p=91900","title":{"rendered":"Desestima titular de la SEG ausencia de docentes de la CETEG"},"content":{"rendered":"\n<p><em><strong>&#8212; \u00abDesconoce cu\u00e1ntas escuelas, y alumnos sin clases<br>&#8212; De los m\u00e1s de 340 millones de adeudo de escuelas, dijo que no sabe<\/strong><\/em><\/p>\n\n\n\n<p><strong>Javier Trujillo<\/strong><\/p>\n\n\n\n<p><strong>Acapulco, Gro.-<\/strong> El secretario de educaci\u00f3n en Guerrero, Ricardo Castillo Pe\u00f1a, desestim\u00f3 la ausencia de los maestros de la CETEG en las escuelas, y la falta de clases para miles de alumnos en las ocho regiones educativas.<\/p>\n\n\n\n<p>Sin dar a conocer el n\u00famero de alumnos que est\u00e1n afectados en Guerrero a causa del paro y movilizaciones por la CETEG, el Secretario de educaci\u00f3n Ricardo Castillo Pe\u00f1a aseguro que no hay da\u00f1o hacia los estudiantes.<\/p>\n\n\n\n<p>El titular de la SEG en el estado, dijo que los maestros de la disidencia magisterial \u00abse han organizado y siguen dando clases\u00bb, sin precisar en cu\u00e1ntas escuelas y el n\u00famero de alumnos.<\/p>\n\n\n\n<p>\u00abNo quiero hablar de los n\u00fameros, porque de pronto se pudiera pensar que m\u00e1ximisamos por un lado o que minimizamos por otro, yo quiero ser respetuoso de las movilizaciones que est\u00e1n en la Ciudad de M\u00e9xico\u00bb, dijo a manera de justificaci\u00f3n.<\/p>\n\n\n\n<p>Castillo Pe\u00f1a, presumi\u00f3 el di\u00e1logo con el magisterio principalmente con la CETEG, del que expreso, es permanente y se tiene un avance notable e importante en el tema de las recategorizaciones.<\/p>\n\n\n\n<p>Entrevistado en Acapulco, el secretario de educaci\u00f3n en la entidad, remarc\u00f3 que no quiere \u00abni decir que\u2026 ni minimizar el movimiento (de la CETEG), ni que la gente piense que est\u00e1 mal\u00bb.<\/p>\n\n\n\n<p>En seguida el funcionario de educaci\u00f3n en Guerrero a\u00f1adi\u00f3: \u00abPor cuestiones de responsabilidad yo prefiero no hablar de eso\u2026 Nosotros estamos a la espera de que la federaci\u00f3n resuelva, no es una situaci\u00f3n que dependa del estado\u00bb, se\u00f1al\u00f3 el secretario de educaci\u00f3n.<\/p>\n\n\n\n<p>-\u00bfCu\u00e1ntos alumnos hay sin clases? Se le insisti\u00f3.<\/p>\n\n\n\n<p>-Es lo que te dec\u00eda, no quiero hablar para no decir que minimizamos, respondi\u00f3 y se fue.<\/p>\n\n\n\n<p>Cabe mencionar que m\u00e1s de 150 planteles de educaci\u00f3n b\u00e1sica tienen adeudos por m\u00e1s de 350 millones de pesos con el organismo operador del agua CAPAMA, pero se\u00f1al\u00f3 que no tiene informaci\u00f3n al respecto.<\/p>\n\n\n\n<p>En tanto los planteles de educaci\u00f3n en el puerto de Acapulco carecen del l\u00edquido para las necesidades b\u00e1sicas.<\/p>\n","protected":false},"excerpt":{"rendered":"<p>&#8212; \u00abDesconoce cu\u00e1ntas escuelas, y alumnos sin clases&#8212; De los m\u00e1s de 340 millones de adeudo de escuelas, dijo que no sabe Javier Trujillo Acapulco, Gro.- El secretario de educaci\u00f3n&hellip; <\/p>\n","protected":false},"author":3,"featured_media":91903,"comment_status":"open","ping_status":"open","sticky":false,"template":"","format":"standard","meta":{"fifu_image_url":"https:\/\/www.interaccionnoticias.com.mx\/wp-content\/uploads\/2025\/06\/250605-Ricardo-Castillo-Pena.jpg","fifu_image_alt":"","footnotes":""},"categories":[6],"tags":[],"class_list":["post-91900","post","type-post","status-publish","format-standard","has-post-thumbnail","hentry","category-educacion"],"_links":{"self":[{"href":"https:\/\/www.interaccionnoticias.com.mx\/index.php?rest_route=\/wp\/v2\/posts\/91900","targetHints":{"allow":["GET"]}}],"collection":[{"href":"https:\/\/www.interaccionnoticias.com.mx\/index.php?rest_route=\/wp\/v2\/posts"}],"about":[{"href":"https:\/\/www.interaccionnoticias.com.mx\/index.php?rest_route=\/wp\/v2\/types\/post"}],"author":[{"embeddable":true,"href":"https:\/\/www.interaccionnoticias.com.mx\/index.php?rest_route=\/wp\/v2\/users\/3"}],"replies":[{"embeddable":true,"href":"https:\/\/www.interaccionnoticias.com.mx\/index.php?rest_route=%2Fwp%2Fv2%2Fcomments&post=91900"}],"version-history":[{"count":1,"href":"https:\/\/www.interaccionnoticias.com.mx\/index.php?rest_route=\/wp\/v2\/posts\/91900\/revisions"}],"predecessor-version":[{"id":91902,"href":"https:\/\/www.interaccionnoticias.com.mx\/index.php?rest_route=\/wp\/v2\/posts\/91900\/revisions\/91902"}],"wp:featuredmedia":[{"embeddable":true,"href":"https:\/\/www.interaccionnoticias.com.mx\/index.php?rest_route=\/wp\/v2\/media\/91903"}],"wp:attachment":[{"href":"https:\/\/www.interaccionnoticias.com.mx\/index.php?rest_route=%2Fwp%2Fv2%2Fmedia&parent=91900"}],"wp:term":[{"taxonomy":"category","embeddable":true,"href":"https:\/\/www.interaccionnoticias.com.mx\/index.php?rest_route=%2Fwp%2Fv2%2Fcategories&post=91900"},{"taxonomy":"post_tag","embeddable":true,"href":"https:\/\/www.interaccionnoticias.com.mx\/index.php?rest_route=%2Fwp%2Fv2%2Ftags&post=91900"}],"curies":[{"name":"wp","href":"https:\/\/api.w.org\/{rel}","templated":true}]}}