{"id":91845,"date":"2025-06-04T18:19:00","date_gmt":"2025-06-05T00:19:00","guid":{"rendered":"https:\/\/www.interaccionnoticias.com.mx\/?p=91845"},"modified":"2025-06-04T19:42:45","modified_gmt":"2025-06-05T01:42:45","slug":"a-tres-dias-de-su-desaparicion-localizan-con-vida-al-cantautor-lenin-fernandez","status":"publish","type":"post","link":"https:\/\/www.interaccionnoticias.com.mx\/?p=91845","title":{"rendered":"A tres d\u00edas de su desaparici\u00f3n, localizan con vida al cantautor Lenin Fern\u00e1ndez"},"content":{"rendered":"\n<p><strong><em>&#8212; Est\u00e1 golpeado y en su momento dar\u00e1 a conocer lo que le sucedi\u00f3, se\u00f1ala la familia<\/em><\/strong><\/p>\n\n\n\n<p><strong>Jes\u00fas Dorantes \/ Cristina Serrano<\/strong><\/p>\n\n\n\n<p><strong>Chilpancingo, Gro.- <\/strong>A tres d\u00edas de que se les perdiera el contacto, el cantautor guerrerense, Lenin Roberto Fern\u00e1ndez P\u00e9rez fue localizado con vida, aunque su familia confirm\u00f3 que est\u00e1 golpeado.<\/p>\n\n\n\n<p>Fern\u00e1ndez P\u00e9rez es originario de Taxco de Alarc\u00f3n, reconocido por su activismo en apoyo a los padres de los 43 normalistas de Ayotzinapa, y fue reportado como desaparecido desde el domingo 1 de junio.<\/p>\n\n\n\n<p>Su familia indic\u00f3 que se perdi\u00f3 contacto con \u00e9l despu\u00e9s de que aterrizara en el Aeropuerto Internacional de la Ciudad de M\u00e9xico (AICM), luego de una gira musical por Cuba, donde realiz\u00f3 varias presentaciones.<\/p>\n\n\n\n<p>La \u00faltima comunicaci\u00f3n con sus familiares indicaba que se dirig\u00eda a la Terminal de Autobuses de Taxque\u00f1a, de donde viajar\u00eda de regreso a su ciudad natal, pero no lleg\u00f3.<\/p>\n\n\n\n<p>Los d\u00edas posteriores a su desaparici\u00f3n, organizaciones sociales, colectivos art\u00edsticos, amigos, familiares y ciudadanos lanzaron una campa\u00f1a nacional e internacional para exigir su localizaci\u00f3n y visibilizar su caso.<\/p>\n\n\n\n<p>Su padre, Gregorio Fern\u00e1ndez Brito, fundador de la Asociaci\u00f3n C\u00edvica Nacional Revolucionaria (ACNR), hab\u00eda dicho que la \u00faltima vez que habl\u00f3 con \u00e9l fue el 29 de mayo, antes de que Lenin abordara su vuelo de regreso a M\u00e9xico.<\/p>\n\n\n\n<p>En el comunicado de este martes, los familiares agradecieron el respaldo de la sociedad civil, as\u00ed como la colaboraci\u00f3n del Gobierno del Estado de Guerrero y del Gobierno de la Ciudad de M\u00e9xico, cuya intervenci\u00f3n habr\u00eda contribuido a su pronta localizaci\u00f3n.<\/p>\n\n\n\n<p>No hubo circunstancia pol\u00edtica<\/p>\n\n\n\n<p>La diputada Marisol Baz\u00e1n confirm\u00f3 que fue la Comisi\u00f3n Nacional de Derechos Humanos (CNDH) la que notific\u00f3 la localizaci\u00f3n del artista, tras una denuncia formal presentada ante la Fiscal\u00eda Especializada en Personas Desaparecidas.<\/p>\n\n\n\n<p>Aunque el caso estaba a punto de cumplir las 72 horas que marcan el inicio de la investigaci\u00f3n formal, al ser encontrado con vida el proceso legal se detuvo de manera autom\u00e1tica.<\/p>\n\n\n\n<p>\u201cFue localizado con vida, y ser\u00e1 su familia \u2014y \u00e9l mismo\u2014 quienes determinen si se da seguimiento legal o se solicita una investigaci\u00f3n m\u00e1s profunda\u201d, declar\u00f3 la diputada Baz\u00e1n en las instalaciones del Congreso.<\/p>\n\n\n\n<p>Coment\u00f3 que ella es familiar del artista, por eso es que estuvo muy pendiente del caso.<\/p>\n\n\n\n<p>Indic\u00f3 que fue un hospital el que notific\u00f3 su presencia a sus familiares, lo cual permiti\u00f3 concretar la identificaci\u00f3n y resguardo.<\/p>\n\n\n\n<p>La diputada inform\u00f3 que a pesar de que no se han brindado mayores detalles, las primeras versiones apuntan a que Lenin Fern\u00e1ndez fue v\u00edctima de un acto delictivo com\u00fan, posiblemente un asalto, sin que existan indicios de un trasfondo pol\u00edtico en su desaparici\u00f3n.<\/p>\n\n\n\n<p>\u201cLenin Fern\u00e1ndez es un artista independiente que, seg\u00fan su entorno cercano, no hab\u00eda recibido amenazas ni enfrentado situaciones de riesgo previamente\u201d.<\/p>\n\n\n\n<p>La diputada Baz\u00e1n aprovech\u00f3 para agradecer a los medios de comunicaci\u00f3n y a la ciudadan\u00eda por la difusi\u00f3n oportuna del caso, que contribuy\u00f3 a su pronta localizaci\u00f3n:<\/p>\n\n\n\n<p>\u201cGracias a los medios y al respaldo de la gente, pudimos encontrarlo. La presi\u00f3n social y la visibilidad fueron fundamentales\u201d, dijo la tambi\u00e9n familiar del cantante.<\/p>\n","protected":false},"excerpt":{"rendered":"<p>&#8212; Est\u00e1 golpeado y en su momento dar\u00e1 a conocer lo que le sucedi\u00f3, se\u00f1ala la familia Jes\u00fas Dorantes \/ Cristina Serrano Chilpancingo, Gro.- A tres d\u00edas de que se&hellip; <\/p>\n","protected":false},"author":19,"featured_media":91848,"comment_status":"open","ping_status":"open","sticky":false,"template":"","format":"standard","meta":{"fifu_image_url":"https:\/\/www.interaccionnoticias.com.mx\/wp-content\/uploads\/2025\/06\/250604-Lenin-Fernandez.jpg","fifu_image_alt":"","footnotes":""},"categories":[247],"tags":[],"class_list":["post-91845","post","type-post","status-publish","format-standard","has-post-thumbnail","hentry","category-lo-has-visto"],"_links":{"self":[{"href":"https:\/\/www.interaccionnoticias.com.mx\/index.php?rest_route=\/wp\/v2\/posts\/91845","targetHints":{"allow":["GET"]}}],"collection":[{"href":"https:\/\/www.interaccionnoticias.com.mx\/index.php?rest_route=\/wp\/v2\/posts"}],"about":[{"href":"https:\/\/www.interaccionnoticias.com.mx\/index.php?rest_route=\/wp\/v2\/types\/post"}],"author":[{"embeddable":true,"href":"https:\/\/www.interaccionnoticias.com.mx\/index.php?rest_route=\/wp\/v2\/users\/19"}],"replies":[{"embeddable":true,"href":"https:\/\/www.interaccionnoticias.com.mx\/index.php?rest_route=%2Fwp%2Fv2%2Fcomments&post=91845"}],"version-history":[{"count":1,"href":"https:\/\/www.interaccionnoticias.com.mx\/index.php?rest_route=\/wp\/v2\/posts\/91845\/revisions"}],"predecessor-version":[{"id":91847,"href":"https:\/\/www.interaccionnoticias.com.mx\/index.php?rest_route=\/wp\/v2\/posts\/91845\/revisions\/91847"}],"wp:featuredmedia":[{"embeddable":true,"href":"https:\/\/www.interaccionnoticias.com.mx\/index.php?rest_route=\/wp\/v2\/media\/91848"}],"wp:attachment":[{"href":"https:\/\/www.interaccionnoticias.com.mx\/index.php?rest_route=%2Fwp%2Fv2%2Fmedia&parent=91845"}],"wp:term":[{"taxonomy":"category","embeddable":true,"href":"https:\/\/www.interaccionnoticias.com.mx\/index.php?rest_route=%2Fwp%2Fv2%2Fcategories&post=91845"},{"taxonomy":"post_tag","embeddable":true,"href":"https:\/\/www.interaccionnoticias.com.mx\/index.php?rest_route=%2Fwp%2Fv2%2Ftags&post=91845"}],"curies":[{"name":"wp","href":"https:\/\/api.w.org\/{rel}","templated":true}]}}