{"id":91838,"date":"2025-06-04T17:42:00","date_gmt":"2025-06-04T23:42:00","guid":{"rendered":"https:\/\/www.interaccionnoticias.com.mx\/?p=91838"},"modified":"2025-06-04T19:30:33","modified_gmt":"2025-06-05T01:30:33","slug":"lider-del-congreso-plantea-no-politizar-el-asesinato-del-alcalde-de-metlatonoc","status":"publish","type":"post","link":"https:\/\/www.interaccionnoticias.com.mx\/?p=91838","title":{"rendered":"L\u00edder del Congreso plantea no politizar el asesinato del alcalde de Metlat\u00f3noc"},"content":{"rendered":"\n<p><strong><em>&#8212; \u201cCondenamos y lamentamos pero tenemos que ser congruentes\u00bb, se\u00f1ala Jes\u00fas Uri\u00f3stegui Garc\u00eda<\/em><\/strong><\/p>\n\n\n\n<p><strong>Yasm\u00edn Garc\u00eda<\/strong><\/p>\n\n\n\n<p>El presidente de la Junta de Coordinaci\u00f3n Pol\u00edtica (Jucopo) del Congreso local, Jes\u00fas Uri\u00f3stegui Garc\u00eda pidi\u00f3 que no se politice el asesinato perpetrado en contra del alcalde de Metlat\u00f3noc, Isa\u00edas Rojas Ram\u00edrez.<\/p>\n\n\n\n<p>El legislador coment\u00f3 que hasta el momento no ha recibido la notificaci\u00f3n del Ayuntamiento de Metlat\u00f3noc, en donde se informe si el suplente asumir\u00e1 las funciones de presidente municipal o no.<\/p>\n\n\n\n<p>Indic\u00f3: \u00abTenemos que esperar la informaci\u00f3n del Ayuntamiento, todo alcalde tiene un suplente y estamos atentos al di\u00e1logo, hay un proceso que se tiene que atender tendr\u00edamos que atender la notificaci\u00f3n del Ayuntamiento\u201d.<\/p>\n\n\n\n<p>Cuestionado acerca de las declaraciones de la Coordinadora del Grupo Parlamentario del Partido del Trabajo (PT), Leticia Mosso Hern\u00e1ndez, en el sentido de que urge la intervenci\u00f3n del gobierno federal, ante la inseguridad que prevalece en Guerrero, indic\u00f3 que todos los d\u00edas la Mesa de Construcci\u00f3n de la Paz sesiona y hay presencia de las instituciones de seguridad en las ocho regiones.<\/p>\n\n\n\n<p>\u00abHay intervenci\u00f3n del gobierno federal, esta la Guardia Nacional, esta participando el Ej\u00e9rcito Mexicano, en estas labores hay coordinaci\u00f3n con el gobierno federal y gobiernos municipales\u00bb, sostuvo.<\/p>\n\n\n\n<p>El coordinador parlamentario de MORENA se sum\u00f3 a la exigencia de justicia y conden\u00f3 el asesinato del alcalde.<\/p>\n\n\n\n<p>\u00abEn lo personal tengo que ser claro en el sentido de unirme a la pena del PT, es sin duda un tema muy lamentable nos unimos en la exigencia de justicia como lo hizo la gobernadora Evelyn Salgado Pineda a trav\u00e9s de sus v\u00edas de comunicaci\u00f3n, condenamos, lamentamos, pero tenemos que ser congruentes y no politizar\u00bb, anot\u00f3.<\/p>\n","protected":false},"excerpt":{"rendered":"<p>&#8212; \u201cCondenamos y lamentamos pero tenemos que ser congruentes\u00bb, se\u00f1ala Jes\u00fas Uri\u00f3stegui Garc\u00eda Yasm\u00edn Garc\u00eda El presidente de la Junta de Coordinaci\u00f3n Pol\u00edtica (Jucopo) del Congreso local, Jes\u00fas Uri\u00f3stegui Garc\u00eda&hellip; <\/p>\n","protected":false},"author":32,"featured_media":91841,"comment_status":"open","ping_status":"open","sticky":false,"template":"","format":"standard","meta":{"fifu_image_url":"https:\/\/www.interaccionnoticias.com.mx\/wp-content\/uploads\/2025\/06\/250604-Jesus-Uriostegui-Garcia.jpg","fifu_image_alt":"","footnotes":""},"categories":[2],"tags":[],"class_list":["post-91838","post","type-post","status-publish","format-standard","has-post-thumbnail","hentry","category-congreso"],"_links":{"self":[{"href":"https:\/\/www.interaccionnoticias.com.mx\/index.php?rest_route=\/wp\/v2\/posts\/91838","targetHints":{"allow":["GET"]}}],"collection":[{"href":"https:\/\/www.interaccionnoticias.com.mx\/index.php?rest_route=\/wp\/v2\/posts"}],"about":[{"href":"https:\/\/www.interaccionnoticias.com.mx\/index.php?rest_route=\/wp\/v2\/types\/post"}],"author":[{"embeddable":true,"href":"https:\/\/www.interaccionnoticias.com.mx\/index.php?rest_route=\/wp\/v2\/users\/32"}],"replies":[{"embeddable":true,"href":"https:\/\/www.interaccionnoticias.com.mx\/index.php?rest_route=%2Fwp%2Fv2%2Fcomments&post=91838"}],"version-history":[{"count":1,"href":"https:\/\/www.interaccionnoticias.com.mx\/index.php?rest_route=\/wp\/v2\/posts\/91838\/revisions"}],"predecessor-version":[{"id":91840,"href":"https:\/\/www.interaccionnoticias.com.mx\/index.php?rest_route=\/wp\/v2\/posts\/91838\/revisions\/91840"}],"wp:featuredmedia":[{"embeddable":true,"href":"https:\/\/www.interaccionnoticias.com.mx\/index.php?rest_route=\/wp\/v2\/media\/91841"}],"wp:attachment":[{"href":"https:\/\/www.interaccionnoticias.com.mx\/index.php?rest_route=%2Fwp%2Fv2%2Fmedia&parent=91838"}],"wp:term":[{"taxonomy":"category","embeddable":true,"href":"https:\/\/www.interaccionnoticias.com.mx\/index.php?rest_route=%2Fwp%2Fv2%2Fcategories&post=91838"},{"taxonomy":"post_tag","embeddable":true,"href":"https:\/\/www.interaccionnoticias.com.mx\/index.php?rest_route=%2Fwp%2Fv2%2Ftags&post=91838"}],"curies":[{"name":"wp","href":"https:\/\/api.w.org\/{rel}","templated":true}]}}