{"id":91834,"date":"2025-06-04T16:35:26","date_gmt":"2025-06-04T22:35:26","guid":{"rendered":"https:\/\/www.interaccionnoticias.com.mx\/?p=91834"},"modified":"2025-06-04T16:35:27","modified_gmt":"2025-06-04T22:35:27","slug":"minimiza-el-snte-al-paro-laboral-de-la-ceteg","status":"publish","type":"post","link":"https:\/\/www.interaccionnoticias.com.mx\/?p=91834","title":{"rendered":"Minimiza el SNTE al paro laboral de la CETEG"},"content":{"rendered":"\n<p><strong><em>&#8212; Dice Silvano Palacios que entre 5 y 6 por ciento de las escuelas est\u00e1n en el movimiento<\/em><\/strong><\/p>\n\n\n\n<p><strong>Rosario Garc\u00eda Orozco<\/strong><\/p>\n\n\n\n<p>Solo entre el 5 y 6 por ciento de las escuelas en Guerrero se mantienen en paro laboral, como parte de la jornada de lucha convocada por la Coordinadora Nacional de Trabajadores de la Educaci\u00f3n, asegur\u00f3 el Secretario de la Secci\u00f3n 14 del Sindicato Nacional de Trabajadores de la Educaci\u00f3n (SNTE), Silvano Palacios Salgado.<\/p>\n\n\n\n<p>\u201cSer\u00e1 como el 5 o 6 por ciento de escuelas que est\u00e1n en paro, del magisterio de Guerrero, yo puedo decir que con como mil compa\u00f1eros que est\u00e1n haciendo actividades aqu\u00ed en Guerrero\u201d, enfatiz\u00f3.<\/p>\n\n\n\n<p>El dirigente magisterial dijo que estos mil maestros son quienes llevan a cabo las movilizaciones en la entidad y otros m\u00e1s que participan en la Ciudad de M\u00e9xico, en el plant\u00f3n.<\/p>\n\n\n\n<p>Sostuvo que la mayor\u00eda de los docentes de Guerrero se encuentran trabajando en las escuelas de manera normal, luego de las diversas actividades que se realizaron durante el mes de mayo.<\/p>\n\n\n\n<p>\u201cHacemos el llamado para que regresen a las aulas, ya nuestro Secretario General a nivel nacional, el maestro Alfonso Cepeda Salas, incluso la presidente de la Rep\u00fablica la Doctora Claudia Sheinbaum, ya declararon sobre el hecho de que se van a realizar foros de consulta para analizar la Ley del ISSSTE\u201d, coment\u00f3 Palacios Salgado.<\/p>\n\n\n\n<p>Dijo que esa es una oportunidad para el magisterio, el participar para reformar esta ley, la cual dijo no hay condiciones para derogarla como lo demanda la disidencia magisterial.<\/p>\n\n\n\n<p>\u201cNo coincidimos en las estrategias que se est\u00e1n realizando actualmente porque nosotros queremos reformar la Ley del ISSSTE, si ustedes saben abrogar es desaparecer la Ley, o quitar la ley y tener otra, pero en estos momentos no hay condiciones para quitar toda la ley\u201d, insisti\u00f3 el dirigente magisterial.<\/p>\n\n\n\n<p>Explic\u00f3 que la Secci\u00f3n 14 del SNTE se han pronunciado por una reforma a esta Ley de ISSSTE, y entre las consideraciones que se deben tomar en cuenta en una posible reforma es la desaparici\u00f3n de las cuentas individuales, entre otros puntos.<\/p>\n\n\n\n<p>Remarc\u00f3 que la dirigencia nacional de ese sindicato ha estudiado la factibilidad de la desaparici\u00f3n de las cuentas individuales, que es la demanda principal, aunado al tope de UMAS y que para quienes cotizan en el ISSSTE se vaya aumentando hasta 25 como sucede con quienes cotizan en el Seguro Social.<\/p>\n","protected":false},"excerpt":{"rendered":"<p>&#8212; Dice Silvano Palacios que entre 5 y 6 por ciento de las escuelas est\u00e1n en el movimiento Rosario Garc\u00eda Orozco Solo entre el 5 y 6 por ciento de&hellip; <\/p>\n","protected":false},"author":14,"featured_media":91837,"comment_status":"open","ping_status":"open","sticky":false,"template":"","format":"standard","meta":{"fifu_image_url":"https:\/\/www.interaccionnoticias.com.mx\/wp-content\/uploads\/2025\/06\/250604-Silvano-Palacios-Salgado.jpg","fifu_image_alt":"","footnotes":""},"categories":[6],"tags":[],"class_list":["post-91834","post","type-post","status-publish","format-standard","has-post-thumbnail","hentry","category-educacion"],"_links":{"self":[{"href":"https:\/\/www.interaccionnoticias.com.mx\/index.php?rest_route=\/wp\/v2\/posts\/91834","targetHints":{"allow":["GET"]}}],"collection":[{"href":"https:\/\/www.interaccionnoticias.com.mx\/index.php?rest_route=\/wp\/v2\/posts"}],"about":[{"href":"https:\/\/www.interaccionnoticias.com.mx\/index.php?rest_route=\/wp\/v2\/types\/post"}],"author":[{"embeddable":true,"href":"https:\/\/www.interaccionnoticias.com.mx\/index.php?rest_route=\/wp\/v2\/users\/14"}],"replies":[{"embeddable":true,"href":"https:\/\/www.interaccionnoticias.com.mx\/index.php?rest_route=%2Fwp%2Fv2%2Fcomments&post=91834"}],"version-history":[{"count":1,"href":"https:\/\/www.interaccionnoticias.com.mx\/index.php?rest_route=\/wp\/v2\/posts\/91834\/revisions"}],"predecessor-version":[{"id":91836,"href":"https:\/\/www.interaccionnoticias.com.mx\/index.php?rest_route=\/wp\/v2\/posts\/91834\/revisions\/91836"}],"wp:featuredmedia":[{"embeddable":true,"href":"https:\/\/www.interaccionnoticias.com.mx\/index.php?rest_route=\/wp\/v2\/media\/91837"}],"wp:attachment":[{"href":"https:\/\/www.interaccionnoticias.com.mx\/index.php?rest_route=%2Fwp%2Fv2%2Fmedia&parent=91834"}],"wp:term":[{"taxonomy":"category","embeddable":true,"href":"https:\/\/www.interaccionnoticias.com.mx\/index.php?rest_route=%2Fwp%2Fv2%2Fcategories&post=91834"},{"taxonomy":"post_tag","embeddable":true,"href":"https:\/\/www.interaccionnoticias.com.mx\/index.php?rest_route=%2Fwp%2Fv2%2Ftags&post=91834"}],"curies":[{"name":"wp","href":"https:\/\/api.w.org\/{rel}","templated":true}]}}