{"id":91672,"date":"2025-05-30T14:22:00","date_gmt":"2025-05-30T20:22:00","guid":{"rendered":"https:\/\/www.interaccionnoticias.com.mx\/?p=91672"},"modified":"2025-05-30T22:54:09","modified_gmt":"2025-05-31T04:54:09","slug":"padres-de-los-43-piden-que-se-detenga-a-subprocurador-anticorrupcion-de-estado-de-mexico-por-su-probable-participacion-en-la-verdad-historica","status":"publish","type":"post","link":"https:\/\/www.interaccionnoticias.com.mx\/?p=91672","title":{"rendered":"Padres de los 43 piden que se detenga a subprocurador anticorrupci\u00f3n de Estado de M\u00e9xico, por su probable participaci\u00f3n en la Verdad Hist\u00f3rica"},"content":{"rendered":"\n<p><strong><em>&#8212; Felipe de la Cruz menciona a Ramiro Archundia Barrientos, quien asegura, en 2014 ocupaba un cargo similar al de Tom\u00e1s Zer\u00f3n de Lucio, refugiado en Israel<br>&#8212; Dice que un colaborador de Archundia Barrientos est\u00e1 detenido por tortura y desaparici\u00f3n forzada, de tal manera que no pudo actuar sin el conocimiento de su jefe<\/em><\/strong><\/p>\n\n\n\n<p><strong>Rogelio Agust\u00edn<\/strong><\/p>\n\n\n\n<p>Los padres de los 43 solicitaron que se llame comparecer o detenga a Ramiro Archundia Barrientos, quien actualmente se desempe\u00f1a como fiscal Anticorrupci\u00f3n en el Estado de M\u00e9xico, pero que ocup\u00f3 un cargo similar al de Tom\u00e1s Zer\u00f3n de Lucio en la extinta Procuradur\u00eda General de la Rep\u00fablica (PGR) y tom\u00f3 parte de la creaci\u00f3n de la denominada \u201cVerdad Hist\u00f3rica\u201d del Caso Iguala.<\/p>\n\n\n\n<p>Felipe de la Cruz Sandoval, quien fuera el primer vocero del colectivo \u201cNos Faltan 43\u201d, lament\u00f3 la muerte del se\u00f1or Donato Abarca Beltr\u00e1n, padre del estudiante Luis \u00c1ngel Abarca Carrillo, uno de los 43 normalistas desaparecidos desde la noche del 26 de septiembre de 2014.<\/p>\n\n\n\n<p>Dijo que de manera recurrente, el Gobierno de M\u00e9xico ha se\u00f1alado que busca extraditar a Tom\u00e1s Zer\u00f3n de Lucio, ex director de la Agencia de Investigaci\u00f3n Criminal (AIC) de la extinta PGR, y quien es considerado el principal art\u00edfice de la denominada \u201cVerdad Hist\u00f3rica\u201d.<\/p>\n\n\n\n<p>Zer\u00f3n de Lucio se encuentra e Israel y se ha negado a regresar a M\u00e9xico para colaborar con las autoridades sobre el caso, lo que ha detenido de manera importante el avance de los trabajos encaminados a saber qu\u00e9 fue lo que pas\u00f3 con los normalistas rurales desaparecidos.<\/p>\n\n\n\n<p>Sin embargo, dijo que los padres de los 43 tienen informaci\u00f3n de que en el Estado de M\u00e9xico actualmente existe un funcionario llamado Armando Archundia Barrientos, quien se desempe\u00f1a como titular de la Fiscal\u00eda Anti corrupci\u00f3n de dicha entidad.<\/p>\n\n\n\n<p>Felipe de la Cruz sostiene: \u201cEsta persona era el similar a Tom\u00e1s Zer\u00f3n en la PGR y estaba en la Subprocuradur\u00eda Especializada en Delincuencia Organizada (SEIDO), hay un subalterno de \u00e9l que est\u00e1 detenido y procesado por los delitos de tortura y desaparici\u00f3n forzada, es l\u00f3gico que \u00e9l no pudo moverse sin \u00f3rdenes de quien era su jefe\u201d.<\/p>\n\n\n\n<p>Insisti\u00f3: \u201cA ese personaje (Armando Archundia) no se le ha tocado y una persona con un antecedente tan grave, como su participaci\u00f3n en la Verdad Hist\u00f3rica no puede estar al frente de un espacio tan importante en materia de investigaci\u00f3n y de justicia; debe ser llamado o detenido, porque est\u00e1 comprobado que particip\u00f3 en la tortura\u201d.<\/p>\n\n\n\n<p>El profesor De la Cruz sostuvo que por ahora es el \u00fanico caso que plantea, pero sostiene que de manera extra\u00f1a no se ha procedido en su contra y lejos de eso, se le ha permitido estar al frente de un espacio que es importante y lo coloca en una posici\u00f3n de poder.<\/p>\n","protected":false},"excerpt":{"rendered":"<p>&#8212; Felipe de la Cruz menciona a Ramiro Archundia Barrientos, quien asegura, en 2014 ocupaba un cargo similar al de Tom\u00e1s Zer\u00f3n de Lucio, refugiado en Israel&#8212; Dice que un&hellip; <\/p>\n","protected":false},"author":21,"featured_media":0,"comment_status":"open","ping_status":"open","sticky":false,"template":"","format":"standard","meta":{"fifu_image_url":"","fifu_image_alt":"","footnotes":""},"categories":[11],"tags":[],"class_list":["post-91672","post","type-post","status-publish","format-standard","hentry","category-guerrero"],"_links":{"self":[{"href":"https:\/\/www.interaccionnoticias.com.mx\/index.php?rest_route=\/wp\/v2\/posts\/91672","targetHints":{"allow":["GET"]}}],"collection":[{"href":"https:\/\/www.interaccionnoticias.com.mx\/index.php?rest_route=\/wp\/v2\/posts"}],"about":[{"href":"https:\/\/www.interaccionnoticias.com.mx\/index.php?rest_route=\/wp\/v2\/types\/post"}],"author":[{"embeddable":true,"href":"https:\/\/www.interaccionnoticias.com.mx\/index.php?rest_route=\/wp\/v2\/users\/21"}],"replies":[{"embeddable":true,"href":"https:\/\/www.interaccionnoticias.com.mx\/index.php?rest_route=%2Fwp%2Fv2%2Fcomments&post=91672"}],"version-history":[{"count":1,"href":"https:\/\/www.interaccionnoticias.com.mx\/index.php?rest_route=\/wp\/v2\/posts\/91672\/revisions"}],"predecessor-version":[{"id":91674,"href":"https:\/\/www.interaccionnoticias.com.mx\/index.php?rest_route=\/wp\/v2\/posts\/91672\/revisions\/91674"}],"wp:attachment":[{"href":"https:\/\/www.interaccionnoticias.com.mx\/index.php?rest_route=%2Fwp%2Fv2%2Fmedia&parent=91672"}],"wp:term":[{"taxonomy":"category","embeddable":true,"href":"https:\/\/www.interaccionnoticias.com.mx\/index.php?rest_route=%2Fwp%2Fv2%2Fcategories&post=91672"},{"taxonomy":"post_tag","embeddable":true,"href":"https:\/\/www.interaccionnoticias.com.mx\/index.php?rest_route=%2Fwp%2Fv2%2Ftags&post=91672"}],"curies":[{"name":"wp","href":"https:\/\/api.w.org\/{rel}","templated":true}]}}